{"id":46025,"date":"2024-09-11T01:11:34","date_gmt":"2024-09-11T06:11:34","guid":{"rendered":"https:\/\/politicosaldesnudo.com.mx\/?p=46025"},"modified":"2024-09-10T23:27:37","modified_gmt":"2024-09-11T04:27:37","slug":"tabasco-sexta-entidad-con-menos-observaciones-en-rendicion-de-cuentas","status":"publish","type":"post","link":"https:\/\/politicosaldesnudo.com.mx\/index.php\/2024\/09\/11\/tabasco-sexta-entidad-con-menos-observaciones-en-rendicion-de-cuentas\/","title":{"rendered":"Tabasco, sexta entidad con menos observaciones en rendici\u00f3n de cuentas"},"content":{"rendered":"<div>\n<p><span style=\"font-size: 14pt;\">La Secretar\u00eda de la Funci\u00f3n P\u00fablica\u00a0estatal logr\u00f3 que las observaciones realizadas por los entes fiscalizadores disminuyeran de 26% en el 2018 a s\u00f3lo 0.28% en el 2023.<\/span><\/p>\n<\/div>\n<div>\n<div>\n<div><span style=\"font-size: 14pt;\">De ser, en el 2018, uno de los estados m\u00e1s observados por la falta de claridad en el manejo de recursos p\u00fablicos, Tabasco\u00a0cerrar\u00e1 el 2024 dentro de las primeras seis entidades del pa\u00eds con menos observaciones en el ejercicio del gasto, por parte de la\u00a0Auditor\u00eda Superior de Fiscalizaci\u00f3n\u00a0(ASF), subray\u00f3 el secretario de la Funci\u00f3n P\u00fablica de Tabasco (SFP), Jaime Antonio Far\u00edas Mora.<\/span><\/div>\n<\/div>\n<div>\n<div id=\"readNote\">\n<div>\n<p><span style=\"font-size: 14pt;\">En rueda de prensa encabezada por el gobernador del estado, Carlos Manuel Merino Campos, el titular de la SFP comparti\u00f3 los logros de la dependencia en el periodo 2019-2024 y afirm\u00f3 que ahora se cuentan con mejores mecanismos de rendici\u00f3n de cuentas.<\/span><\/p>\n<\/div>\n<\/div>\n<\/div>\n<\/div>\n","protected":false},"excerpt":{"rendered":"<p>La Secretar\u00eda de la Funci\u00f3n P\u00fablica\u00a0estatal logr\u00f3 que las observaciones realizadas por los entes fiscalizadores disminuyeran de 26% en el<\/p>\n","protected":false},"author":4,"featured_media":46026,"comment_status":"closed","ping_status":"closed","sticky":false,"template":"","format":"standard","meta":{"colormag_page_container_layout":"default_layout","colormag_page_sidebar_layout":"default_layout","_jetpack_memberships_contains_paid_content":false,"footnotes":"","jetpack_publicize_message":"","jetpack_publicize_feature_enabled":true,"jetpack_social_post_already_shared":false,"jetpack_social_options":{"image_generator_settings":{"template":"highway","default_image_id":0,"font":"","enabled":false},"version":2}},"categories":[30],"tags":[],"class_list":["post-46025","post","type-post","status-publish","format-standard","has-post-thumbnail","hentry","category-estados"],"jetpack_publicize_connections":[],"jetpack_featured_media_url":"https:\/\/i0.wp.com\/politicosaldesnudo.com.mx\/wp-content\/uploads\/2024\/09\/tabasco.jpg_554688468.jpg?fit=1200%2C675&ssl=1","jetpack-related-posts":[],"jetpack_sharing_enabled":true,"_links":{"self":[{"href":"https:\/\/politicosaldesnudo.com.mx\/index.php\/wp-json\/wp\/v2\/posts\/46025","targetHints":{"allow":["GET"]}}],"collection":[{"href":"https:\/\/politicosaldesnudo.com.mx\/index.php\/wp-json\/wp\/v2\/posts"}],"about":[{"href":"https:\/\/politicosaldesnudo.com.mx\/index.php\/wp-json\/wp\/v2\/types\/post"}],"author":[{"embeddable":true,"href":"https:\/\/politicosaldesnudo.com.mx\/index.php\/wp-json\/wp\/v2\/users\/4"}],"replies":[{"embeddable":true,"href":"https:\/\/politicosaldesnudo.com.mx\/index.php\/wp-json\/wp\/v2\/comments?post=46025"}],"version-history":[{"count":0,"href":"https:\/\/politicosaldesnudo.com.mx\/index.php\/wp-json\/wp\/v2\/posts\/46025\/revisions"}],"wp:featuredmedia":[{"embeddable":true,"href":"https:\/\/politicosaldesnudo.com.mx\/index.php\/wp-json\/wp\/v2\/media\/46026"}],"wp:attachment":[{"href":"https:\/\/politicosaldesnudo.com.mx\/index.php\/wp-json\/wp\/v2\/media?parent=46025"}],"wp:term":[{"taxonomy":"category","embeddable":true,"href":"https:\/\/politicosaldesnudo.com.mx\/index.php\/wp-json\/wp\/v2\/categories?post=46025"},{"taxonomy":"post_tag","embeddable":true,"href":"https:\/\/politicosaldesnudo.com.mx\/index.php\/wp-json\/wp\/v2\/tags?post=46025"}],"curies":[{"name":"wp","href":"https:\/\/api.w.org\/{rel}","templated":true}]}}