{"id":46028,"date":"2024-09-11T01:12:01","date_gmt":"2024-09-11T06:12:01","guid":{"rendered":"https:\/\/politicosaldesnudo.com.mx\/?p=46028"},"modified":"2024-09-10T23:29:13","modified_gmt":"2024-09-11T04:29:13","slug":"oaxaca-invierte-cerca-de-5000-millones-de-pesos-en-infraestructura-publica","status":"publish","type":"post","link":"https:\/\/politicosaldesnudo.com.mx\/index.php\/2024\/09\/11\/oaxaca-invierte-cerca-de-5000-millones-de-pesos-en-infraestructura-publica\/","title":{"rendered":"Oaxaca invierte cerca de 5,000 millones de pesos en infraestructura p\u00fablica"},"content":{"rendered":"<div>\n<p><span style=\"font-size: 14pt;\">Durante 2023, se ejecutaron 1,582 obras, entre las que sobresalen: 156 obras carreteras, 276 obras de infraestructura educativa, 490 obras de vivienda, 191 obras de infraestructura urbana, 193 obras de reconstrucci\u00f3n de inmuebles hist\u00f3ricos y 59 obras de agua potable y saneamiento.<\/span><\/p>\n<\/div>\n<div>\n<div>\n<div><span style=\"font-size: 14pt;\">El gobernador de Oaxaca, Salom\u00f3n Jara Cruz, inform\u00f3 que se realiz\u00f3 una inversi\u00f3n de casi 5,000 millones de pesos destinada al\u00a0rubro de infraestructura en el 2023, para beneficio de las comunidades del estado.<\/span><\/div>\n<\/div>\n<div>\n<div id=\"readNote\">\n<div>\n<p><span style=\"font-size: 14pt;\">Durante la conferencia de prensa semanal \u00abResultados y Avances de la Primavera Oaxaque\u00f1a\u00bb, precis\u00f3 que, del total del presupuesto asignado, el 90% fue adjudicado por procesos de licitaci\u00f3n, de los cuales se descentralizaron 1,212 millones de pesos a trav\u00e9s de la Universidad Aut\u00f3noma Benito Ju\u00e1rez de Oaxaca (UABJO), el Sistema de Universidades Estatales de Oaxaca (SUNEO), municipios, entre otros.<\/span><\/p>\n<\/div>\n<\/div>\n<\/div>\n<\/div>\n","protected":false},"excerpt":{"rendered":"<p>Durante 2023, se ejecutaron 1,582 obras, entre las que sobresalen: 156 obras carreteras, 276 obras de infraestructura educativa, 490 obras<\/p>\n","protected":false},"author":4,"featured_media":46029,"comment_status":"closed","ping_status":"closed","sticky":false,"template":"","format":"standard","meta":{"colormag_page_container_layout":"default_layout","colormag_page_sidebar_layout":"default_layout","_jetpack_memberships_contains_paid_content":false,"footnotes":"","jetpack_publicize_message":"","jetpack_publicize_feature_enabled":true,"jetpack_social_post_already_shared":false,"jetpack_social_options":{"image_generator_settings":{"template":"highway","default_image_id":0,"font":"","enabled":false},"version":2}},"categories":[30],"tags":[],"class_list":["post-46028","post","type-post","status-publish","format-standard","has-post-thumbnail","hentry","category-estados"],"jetpack_publicize_connections":[],"jetpack_featured_media_url":"https:\/\/i0.wp.com\/politicosaldesnudo.com.mx\/wp-content\/uploads\/2024\/09\/tabasco-1.jpg_554688468-1.jpg?fit=1200%2C675&ssl=1","jetpack-related-posts":[],"jetpack_sharing_enabled":true,"_links":{"self":[{"href":"https:\/\/politicosaldesnudo.com.mx\/index.php\/wp-json\/wp\/v2\/posts\/46028","targetHints":{"allow":["GET"]}}],"collection":[{"href":"https:\/\/politicosaldesnudo.com.mx\/index.php\/wp-json\/wp\/v2\/posts"}],"about":[{"href":"https:\/\/politicosaldesnudo.com.mx\/index.php\/wp-json\/wp\/v2\/types\/post"}],"author":[{"embeddable":true,"href":"https:\/\/politicosaldesnudo.com.mx\/index.php\/wp-json\/wp\/v2\/users\/4"}],"replies":[{"embeddable":true,"href":"https:\/\/politicosaldesnudo.com.mx\/index.php\/wp-json\/wp\/v2\/comments?post=46028"}],"version-history":[{"count":0,"href":"https:\/\/politicosaldesnudo.com.mx\/index.php\/wp-json\/wp\/v2\/posts\/46028\/revisions"}],"wp:featuredmedia":[{"embeddable":true,"href":"https:\/\/politicosaldesnudo.com.mx\/index.php\/wp-json\/wp\/v2\/media\/46029"}],"wp:attachment":[{"href":"https:\/\/politicosaldesnudo.com.mx\/index.php\/wp-json\/wp\/v2\/media?parent=46028"}],"wp:term":[{"taxonomy":"category","embeddable":true,"href":"https:\/\/politicosaldesnudo.com.mx\/index.php\/wp-json\/wp\/v2\/categories?post=46028"},{"taxonomy":"post_tag","embeddable":true,"href":"https:\/\/politicosaldesnudo.com.mx\/index.php\/wp-json\/wp\/v2\/tags?post=46028"}],"curies":[{"name":"wp","href":"https:\/\/api.w.org\/{rel}","templated":true}]}}