{"id":46037,"date":"2024-09-11T01:15:27","date_gmt":"2024-09-11T06:15:27","guid":{"rendered":"https:\/\/politicosaldesnudo.com.mx\/?p=46037"},"modified":"2024-09-10T23:34:03","modified_gmt":"2024-09-11T04:34:03","slug":"proyecto-de-presupuesto-aleman-para-2025-legal","status":"publish","type":"post","link":"https:\/\/politicosaldesnudo.com.mx\/index.php\/2024\/09\/11\/proyecto-de-presupuesto-aleman-para-2025-legal\/","title":{"rendered":"Proyecto de presupuesto alem\u00e1n para 2025, legal"},"content":{"rendered":"<div class=\"jsx-3315747106 resumeNew\">\n<p><span style=\"font-size: 14pt;\">El proyecto de presupuesto alem\u00e1n para el 2025 se ajusta a la legalidad, dijo ayer 10 de septiembre, Christian Lindner, ministro de Hacienda de Alemania, quien defendi\u00f3 sus planes de gasto a pesar de un d\u00e9ficit de 12,000 millones de euros.<\/span><\/p>\n<\/div>\n<div class=\"jsx-1764542821 newsbody\">\n<div class=\"jsx-1764542821\">\n<div id=\"readNote\" class=\"jsx-1764542821\">\n<div class=\"jsx-537108098\">\n<p class=\"jsx-3954459878\"><span style=\"font-size: 14pt;\">En un discurso ante el Parlamento alem\u00e1n, Lindner tambi\u00e9n se\u00f1al\u00f3 que no se suavizar\u00e1n las estrictas normas de endeudamiento.<\/span><\/p>\n<p class=\"jsx-3954459878\"><span style=\"font-size: 14pt;\">El Consejo de Ministros aprob\u00f3 el presupuesto para el 2025 en el verano, pero dej\u00f3 abierta la posibilidad de reducir la diferencia entre los gastos y los ingresos previstos. Los l\u00edderes de la oposici\u00f3n se han quejado de una serie de trucos de \u201chumo y espejos\u201d para ocultar mayores desequilibrios.<\/span><\/p>\n<p class=\"jsx-3954459878\"><span style=\"font-size: 14pt;\">Lindner espera encontrar la forma de reducir el d\u00e9ficit por debajo de los 10,000 millones de euros, o alrededor de 2% del volumen total del presupuesto, antes de que ambas c\u00e1maras del Parlamento lo aprueben a finales de a\u00f1o.<\/span><\/p>\n<\/div>\n<\/div>\n<\/div>\n<\/div>\n","protected":false},"excerpt":{"rendered":"<p>El proyecto de presupuesto alem\u00e1n para el 2025 se ajusta a la legalidad, dijo ayer 10 de septiembre, Christian Lindner,<\/p>\n","protected":false},"author":4,"featured_media":46038,"comment_status":"closed","ping_status":"closed","sticky":false,"template":"","format":"standard","meta":{"colormag_page_container_layout":"default_layout","colormag_page_sidebar_layout":"default_layout","_jetpack_memberships_contains_paid_content":false,"footnotes":"","jetpack_publicize_message":"","jetpack_publicize_feature_enabled":true,"jetpack_social_post_already_shared":false,"jetpack_social_options":{"image_generator_settings":{"template":"highway","default_image_id":0,"font":"","enabled":false},"version":2}},"categories":[2050],"tags":[],"class_list":["post-46037","post","type-post","status-publish","format-standard","has-post-thumbnail","hentry","category-economia"],"jetpack_publicize_connections":[],"jetpack_featured_media_url":"https:\/\/i0.wp.com\/politicosaldesnudo.com.mx\/wp-content\/uploads\/2024\/09\/alemania-bandera-reuters.jpg_1074402576.jpg?fit=1200%2C822&ssl=1","jetpack-related-posts":[],"jetpack_sharing_enabled":true,"_links":{"self":[{"href":"https:\/\/politicosaldesnudo.com.mx\/index.php\/wp-json\/wp\/v2\/posts\/46037","targetHints":{"allow":["GET"]}}],"collection":[{"href":"https:\/\/politicosaldesnudo.com.mx\/index.php\/wp-json\/wp\/v2\/posts"}],"about":[{"href":"https:\/\/politicosaldesnudo.com.mx\/index.php\/wp-json\/wp\/v2\/types\/post"}],"author":[{"embeddable":true,"href":"https:\/\/politicosaldesnudo.com.mx\/index.php\/wp-json\/wp\/v2\/users\/4"}],"replies":[{"embeddable":true,"href":"https:\/\/politicosaldesnudo.com.mx\/index.php\/wp-json\/wp\/v2\/comments?post=46037"}],"version-history":[{"count":0,"href":"https:\/\/politicosaldesnudo.com.mx\/index.php\/wp-json\/wp\/v2\/posts\/46037\/revisions"}],"wp:featuredmedia":[{"embeddable":true,"href":"https:\/\/politicosaldesnudo.com.mx\/index.php\/wp-json\/wp\/v2\/media\/46038"}],"wp:attachment":[{"href":"https:\/\/politicosaldesnudo.com.mx\/index.php\/wp-json\/wp\/v2\/media?parent=46037"}],"wp:term":[{"taxonomy":"category","embeddable":true,"href":"https:\/\/politicosaldesnudo.com.mx\/index.php\/wp-json\/wp\/v2\/categories?post=46037"},{"taxonomy":"post_tag","embeddable":true,"href":"https:\/\/politicosaldesnudo.com.mx\/index.php\/wp-json\/wp\/v2\/tags?post=46037"}],"curies":[{"name":"wp","href":"https:\/\/api.w.org\/{rel}","templated":true}]}}