{"id":46083,"date":"2024-09-11T16:44:24","date_gmt":"2024-09-11T21:44:24","guid":{"rendered":"https:\/\/politicosaldesnudo.com.mx\/?p=46083"},"modified":"2024-09-11T16:46:08","modified_gmt":"2024-09-11T21:46:08","slug":"direccion-de-transito-tuxpan-llevara-a-cabo-el-cierre-de-vialidad-en-el-bulevar-jesus-reyes-heroles","status":"publish","type":"post","link":"https:\/\/politicosaldesnudo.com.mx\/index.php\/2024\/09\/11\/direccion-de-transito-tuxpan-llevara-a-cabo-el-cierre-de-vialidad-en-el-bulevar-jesus-reyes-heroles\/","title":{"rendered":"Direcci\u00f3n de Tr\u00e1nsito Tuxpan llevar\u00e1 a cabo el cierre de vialidad en el bulevar Jes\u00fas Reyes Heroles"},"content":{"rendered":"<p><span style=\"font-size: 14pt;\">El H. Ayuntamiento de Tuxpan informa a la ciudadan\u00eda que, con motivo de los preparativos y la Ceremonia Conmemorativa por el \u201cCLXXVII Aniversario de la Gesta Heroica de los Ni\u00f1os H\u00e9roes de Chapultepec\u201d, la Direcci\u00f3n de Tr\u00e1nsito llevar\u00e1 a cabo el cierre de vialidad en el bulevar Jes\u00fas Reyes Heroles, frente al monumento a los Ni\u00f1os H\u00e9roes, en los siguientes horarios:<\/span><\/p>\n<p><span style=\"font-size: 14pt;\">Jueves 12 de septiembre: cierre parcial de 8:30 a 10:00 horas<\/span><br \/>\n<span style=\"font-size: 14pt;\">Viernes 13 de septiembre: cierre parcial de 8:00 a 8:45 horas; y cierre total de 8:45 a 10:30 horas.<\/span><\/p>\n<p><img data-recalc-dims=\"1\" loading=\"lazy\" decoding=\"async\" class=\"aligncenter size-full wp-image-46084\" src=\"https:\/\/i0.wp.com\/politicosaldesnudo.com.mx\/wp-content\/uploads\/2024\/09\/9fc42e9b-1e76-4c7b-92a0-b3bfd02c97eb.jpg?resize=760%2C760&#038;ssl=1\" alt=\"\" width=\"760\" height=\"760\" srcset=\"https:\/\/i0.wp.com\/politicosaldesnudo.com.mx\/wp-content\/uploads\/2024\/09\/9fc42e9b-1e76-4c7b-92a0-b3bfd02c97eb.jpg?w=760&amp;ssl=1 760w, https:\/\/i0.wp.com\/politicosaldesnudo.com.mx\/wp-content\/uploads\/2024\/09\/9fc42e9b-1e76-4c7b-92a0-b3bfd02c97eb.jpg?resize=300%2C300&amp;ssl=1 300w, https:\/\/i0.wp.com\/politicosaldesnudo.com.mx\/wp-content\/uploads\/2024\/09\/9fc42e9b-1e76-4c7b-92a0-b3bfd02c97eb.jpg?resize=150%2C150&amp;ssl=1 150w\" sizes=\"auto, (max-width: 760px) 100vw, 760px\" \/><\/p>\n","protected":false},"excerpt":{"rendered":"<p>El H. Ayuntamiento de Tuxpan informa a la ciudadan\u00eda que, con motivo de los preparativos y la Ceremonia Conmemorativa por<\/p>\n","protected":false},"author":4,"featured_media":46084,"comment_status":"closed","ping_status":"closed","sticky":false,"template":"","format":"standard","meta":{"colormag_page_container_layout":"default_layout","colormag_page_sidebar_layout":"default_layout","_jetpack_memberships_contains_paid_content":false,"footnotes":"","jetpack_publicize_message":"","jetpack_publicize_feature_enabled":true,"jetpack_social_post_already_shared":false,"jetpack_social_options":{"image_generator_settings":{"template":"highway","default_image_id":0,"font":"","enabled":false},"version":2}},"categories":[3205,1082],"tags":[],"class_list":["post-46083","post","type-post","status-publish","format-standard","has-post-thumbnail","hentry","category-gobierno-tuxpan","category-tuxpan"],"jetpack_publicize_connections":[],"jetpack_featured_media_url":"https:\/\/i0.wp.com\/politicosaldesnudo.com.mx\/wp-content\/uploads\/2024\/09\/9fc42e9b-1e76-4c7b-92a0-b3bfd02c97eb.jpg?fit=760%2C760&ssl=1","jetpack-related-posts":[],"jetpack_sharing_enabled":true,"_links":{"self":[{"href":"https:\/\/politicosaldesnudo.com.mx\/index.php\/wp-json\/wp\/v2\/posts\/46083","targetHints":{"allow":["GET"]}}],"collection":[{"href":"https:\/\/politicosaldesnudo.com.mx\/index.php\/wp-json\/wp\/v2\/posts"}],"about":[{"href":"https:\/\/politicosaldesnudo.com.mx\/index.php\/wp-json\/wp\/v2\/types\/post"}],"author":[{"embeddable":true,"href":"https:\/\/politicosaldesnudo.com.mx\/index.php\/wp-json\/wp\/v2\/users\/4"}],"replies":[{"embeddable":true,"href":"https:\/\/politicosaldesnudo.com.mx\/index.php\/wp-json\/wp\/v2\/comments?post=46083"}],"version-history":[{"count":0,"href":"https:\/\/politicosaldesnudo.com.mx\/index.php\/wp-json\/wp\/v2\/posts\/46083\/revisions"}],"wp:featuredmedia":[{"embeddable":true,"href":"https:\/\/politicosaldesnudo.com.mx\/index.php\/wp-json\/wp\/v2\/media\/46084"}],"wp:attachment":[{"href":"https:\/\/politicosaldesnudo.com.mx\/index.php\/wp-json\/wp\/v2\/media?parent=46083"}],"wp:term":[{"taxonomy":"category","embeddable":true,"href":"https:\/\/politicosaldesnudo.com.mx\/index.php\/wp-json\/wp\/v2\/categories?post=46083"},{"taxonomy":"post_tag","embeddable":true,"href":"https:\/\/politicosaldesnudo.com.mx\/index.php\/wp-json\/wp\/v2\/tags?post=46083"}],"curies":[{"name":"wp","href":"https:\/\/api.w.org\/{rel}","templated":true}]}}