{"id":4611,"date":"2022-05-02T00:33:31","date_gmt":"2022-05-02T05:33:31","guid":{"rendered":"https:\/\/politicosaldesnudo.com.mx\/?p=4611"},"modified":"2022-05-02T00:33:31","modified_gmt":"2022-05-02T05:33:31","slug":"narrativas-politicas-y-contexto","status":"publish","type":"post","link":"https:\/\/politicosaldesnudo.com.mx\/index.php\/2022\/05\/02\/narrativas-politicas-y-contexto\/","title":{"rendered":"Narrativas pol\u00edticas y contexto"},"content":{"rendered":"<p>&nbsp;<\/p>\n<p class=\"p1\"><span style=\"font-size: 18pt;\"><b>Por Ricardo Homs <\/b><\/span><\/p>\n<p class=\"p3\"><span style=\"font-size: 14pt;\">Hoy la narrativa representa el 100% de la vinculaci\u00f3n entre la ciudadan\u00eda y los l\u00edderes pol\u00edticos que gobiernan. <\/span><\/p>\n<p class=\"p3\"><span style=\"font-size: 14pt;\">Entendemos que una buena narrativa puede dar grandes significados emocionales a acontecimientos cotidianos que si no se destacasen, hasta podr\u00edan pasar desapercibidos.<\/span><\/p>\n<p class=\"p3\"><span style=\"font-size: 14pt;\">Tambi\u00e9n que una buena narrativa impacta las percepciones p\u00fablicas en la medida de la credibilidad de quien la construye.<\/span><\/p>\n<p class=\"p3\"><span style=\"font-size: 14pt;\">De este modo vemos que la gente se aferra a la versi\u00f3n de sus l\u00edderes y a\u00fan con evidencias en contra, inclina su balanza a favor de quien tiene su confianza.<\/span><\/p>\n<p class=\"p3\"><span style=\"font-size: 14pt;\">De este modo se construyen los mitos y leyendas que dan vida a la historia universal y a la de M\u00e9xico en concreto, a partir de asignar roles de h\u00e9roes y villanos a los protagonistas, seg\u00fan la versi\u00f3n e intereses de quienes detentan el poder al momento. <\/span><\/p>\n<p class=\"p3\"><span style=\"font-size: 14pt;\">Las versiones que son contadas verbalmente de generaci\u00f3n en generaci\u00f3n, -a lo largo de los siglos-, han dado pie a la historia que hoy conocemos, totalmente distorsionada e injusta.<\/span><\/p>\n<p class=\"p3\"><span style=\"font-size: 14pt;\">Sin embargo, no s\u00f3lo la historia se construye con narrativas que distorsionan los hechos, sino tambi\u00e9n la pol\u00edtica actual, a partir de la influencia que aporta el acceso medi\u00e1tico.<\/span><\/p>\n<p class=\"p3\"><span style=\"font-size: 14pt;\">De esta forma surgen las mentiras de la 4T que son capaces de calificar como \u201ctraidores a la patria\u201d a los legisladores que, haciendo uso de las facultades constitucionales de la encomienda para la que fueron electos, son se\u00f1alados y pretenden ser denunciados penalmente por Morena porque se atreven a contravenir las instrucciones salidas de Palacio Nacional.<\/span><\/p>\n<p class=\"p3\"><span style=\"font-size: 14pt;\">Esos mismos legisladores que hoy pretenden denunciar penalmente a sus pares de legislatura, -pero que son integrantes de las bancadas de oposici\u00f3n-, cada a\u00f1o rinden homenaje a Belisario Dom\u00ednguez, -el legislador chiapaneco opositor al presidente Victoriano Huerta-, asesinado y torturado por \u00f3rdenes de ese dictador que hoy est\u00e1 en el basurero de la historia de M\u00e9xico. <\/span><\/p>\n<p class=\"p3\"><span style=\"font-size: 14pt;\">Es incongruente que esos mismos legisladores morenistas que se ostentan como liberales y patriotas, sean los mismos que hoy repiten el mismo rol represor en contra de sus compa\u00f1eros porque votaron en contra de una reforma impulsada directamente por el presidente.<\/span><\/p>\n<p class=\"p3\"><span style=\"font-size: 14pt;\">Esta narrativa patriotera que convierte a esos legisladores en \u201ctraidores a la patria\u201d, es la que destruye nuestra democracia.<\/span><\/p>\n<p class=\"p3\"><span style=\"font-size: 14pt;\">Vivimos hoy bajo la influencia de las percepciones, -no de las realidades-, en un mundo que cada vez m\u00e1s se aparta de los dictados de la raz\u00f3n para dejarse dominar por la tiran\u00eda de las percepciones emocionales, las cuales son manipuladas por las narrativas sustentadas en el carisma del l\u00edder que las promueve.<\/span><\/p>\n<p class=\"p3\"><span style=\"font-size: 14pt;\">Si algo define a este gobierno de la 4T, -a diferencia de los anteriores-, es que los de antes centraban sus objetivos y su atenci\u00f3n en desarrollar proyectos de administraci\u00f3n p\u00fablica que nac\u00edan de las necesidades de los ciudadanos, a partir de la auscultaci\u00f3n local. <\/span><\/p>\n<p class=\"p3\"><span style=\"font-size: 14pt;\">Sin embargo, debemos reconocer que los resultados fr\u00edos, -sustentados en la eficiencia, que era el eje del compromiso de gobiernos anteriores con la ciudadan\u00eda-, carec\u00eda de sensibilidad social.<\/span><\/p>\n<p class=\"p3\"><span style=\"font-size: 14pt;\">En contraste, hoy se gobierna a base de declaraciones y promesas que rayan en la fantas\u00eda y la demagogia, -sin sistema-, con base en ocurrencias que no tienen viabilidad.<\/span><\/p>\n<p class=\"p3\"><span style=\"font-size: 14pt;\">En este gobierno se consigue la paciencia ciudadana a base de narrativas de h\u00e9roes y villanos y a punta de confrontaci\u00f3n y conflicto, lo cual nos divide.<\/span><\/p>\n<p class=\"p3\"><span style=\"font-size: 14pt;\">Realmente hoy carecemos de un proyecto de pa\u00eds a largo plazo, pues lo \u00fanico que tenemos es la narrativa ideol\u00f3gica orientada a la destrucci\u00f3n de las instituciones para centralizar el poder pol\u00edtico, s\u00ed como la obsesi\u00f3n por cristalizar los tres proyectos personales del presidente: el aeropuerto Felipe \u00c1ngeles, el Tren Maya y la refiner\u00eda de Dos Bocas. M\u00e1s all\u00e1 de eso, no hay nada. <\/span><\/p>\n<p class=\"p3\"><span style=\"font-size: 14pt;\">Son las tres obras fara\u00f3nicas con las que el presidente quiere pasar a la posteridad. Sin embargo, se ha descuidado el mantenimiento de la infraestructura f\u00edsica del pa\u00eds y la obra p\u00fablica cotidiana, -esa que beneficia a las comunidades diseminadas a lo largo y ancho de nuestro territorio-, pues todos los recursos federales se canalizan hacia estos tres megaproyectos. <\/span><\/p>\n<p class=\"p3\"><span style=\"font-size: 14pt;\">La destrucci\u00f3n y confiscaci\u00f3n de todos los fideicomisos confirman esta visi\u00f3n.<\/span><\/p>\n<p class=\"p3\"><span style=\"font-size: 14pt;\">\u00bfC\u00f3mo se mantiene en paz al pa\u00eds pese a los malos resultados econ\u00f3micos y la inseguridad?, pues con la demagogia de las narrativas de lucha de clases y confrontaci\u00f3n social.<\/span><\/p>\n<p class=\"p3\"><span style=\"font-size: 14pt;\">Lo que no ha entendido el presidente de la rep\u00fablica es que el contexto social y pol\u00edtico del mundo ha cambiado a partir de la globalizaci\u00f3n y las redes sociales y su personal visi\u00f3n de pa\u00eds responde a un M\u00e9xico tradicionalmente aislado y cerrado a trav\u00e9s de fronteras invisibles que daban autonom\u00eda a los gobernantes a trav\u00e9s de modelos autocr\u00e1ticos de gobierno como caracterizaron a las administraciones de los presidentes Echeverr\u00eda y L\u00f3pez Portillo, contexto que permiti\u00f3 nacionalizaciones, -o m\u00e1s bien estatizaciones-, como la que realiz\u00f3 este \u00faltimo con la banca.<\/span><\/p>\n<p class=\"p3\"><span style=\"font-size: 14pt;\">Sin embargo, hoy los tratados comerciales y los organismos globales que permiten mediaci\u00f3n en los conflictos entre los pa\u00edses restan autonom\u00eda a los gobiernos locales, pues las nuevas reglas implican gobernar con visi\u00f3n global.<\/span><\/p>\n<p class=\"p3\"><span style=\"font-size: 14pt;\">Hoy los capitales globales se mueven respaldados en la certeza jur\u00eddica de los tribunales internacionales y la pretendida reforma el\u00e9ctrica afectar\u00eda los compromisos firmados con el T-Mec, as\u00ed como los anteriores.<\/span><\/p>\n<p class=\"p3\"><span style=\"font-size: 14pt;\">Podr\u00edamos concluir en la necesidad de que este gobierno se oriente m\u00e1s hacia la b\u00fasqueda de resultados y deje de lado las narrativas de confrontaci\u00f3n y lucha de clases antes de entrar en un camino sin retorno. Las narrativas ideol\u00f3gicas con visi\u00f3n localista y patriotera est\u00e1n generando desconfianza alrededor del mundo y eso terminar\u00e1 impactando negativamente la econom\u00eda de M\u00e9xico afectando la vida de las familias mexicanas.<\/span><\/p>\n<p class=\"p3\"><span style=\"font-size: 14pt;\">Vladimir Putin no supo entender este nuevo contexto y crey\u00f3 que podr\u00eda resolver sus ambiciones territoriales con Ucrania, -un pa\u00eds al que considera el patio trasero de Rusia-, a la vieja usanza y hoy se encuentra confrontado con los principales pa\u00edses l\u00edderes del mundo occidental en una guerra no s\u00f3lo militar, sino econ\u00f3mica, cuyas repercusiones a\u00fan no logramos dimensionar. <\/span><\/p>\n<p>&nbsp;<\/p>\n<p class=\"p1\"><strong><span style=\"font-size: 18pt;\">\u00bfA usted qu\u00e9 le parece?<\/span><\/strong><\/p>\n<p>&nbsp;<\/p>\n<p class=\"p1\"><strong><span style=\"font-size: 14pt;\">Facebook:<a href=\"https:\/\/www.facebook.com\/Ricardo.Homs1\">@Ricardo.Homs1<\/a><\/span><\/strong><\/p>\n<p class=\"p1\"><strong><span style=\"font-size: 14pt;\">Twitter: <\/span><\/strong><a href=\"https:\/\/twitter.com\/homsricardo\"><strong><span style=\"font-size: 14pt;\">@homsricardo<\/span><\/strong><\/a><\/p>\n<p class=\"p1\"><strong><span style=\"font-size: 14pt;\">Linkedin: <a href=\"https:\/\/www.linkedin.com\/in\/ricardo-homs-3920449\/?originalSubdomain=mx\">RicardoHoms<\/a><\/span><\/strong><\/p>\n<p class=\"p1\"><a href=\"https:\/\/ricardohoms.com\/\"><strong><span style=\"font-size: 14pt;\">www.ricardohoms.com<\/span><\/strong><\/a><\/p>\n<p>&nbsp;<\/p>\n","protected":false},"excerpt":{"rendered":"<p>&nbsp; Por Ricardo Homs Hoy la narrativa representa el 100% de la vinculaci\u00f3n entre la ciudadan\u00eda y los l\u00edderes pol\u00edticos<\/p>\n","protected":false},"author":4,"featured_media":3778,"comment_status":"closed","ping_status":"closed","sticky":false,"template":"","format":"standard","meta":{"colormag_page_container_layout":"default_layout","colormag_page_sidebar_layout":"default_layout","_jetpack_memberships_contains_paid_content":false,"footnotes":"","jetpack_publicize_message":"","jetpack_publicize_feature_enabled":true,"jetpack_social_post_already_shared":false,"jetpack_social_options":{"image_generator_settings":{"template":"highway","default_image_id":0,"font":"","enabled":false},"version":2}},"categories":[26],"tags":[],"class_list":["post-4611","post","type-post","status-publish","format-standard","has-post-thumbnail","hentry","category-columnistas"],"jetpack_publicize_connections":[],"jetpack_featured_media_url":"https:\/\/i0.wp.com\/politicosaldesnudo.com.mx\/wp-content\/uploads\/2022\/04\/RICARDO-HOMS.png?fit=1816%2C1016&ssl=1","jetpack-related-posts":[],"jetpack_sharing_enabled":true,"_links":{"self":[{"href":"https:\/\/politicosaldesnudo.com.mx\/index.php\/wp-json\/wp\/v2\/posts\/4611","targetHints":{"allow":["GET"]}}],"collection":[{"href":"https:\/\/politicosaldesnudo.com.mx\/index.php\/wp-json\/wp\/v2\/posts"}],"about":[{"href":"https:\/\/politicosaldesnudo.com.mx\/index.php\/wp-json\/wp\/v2\/types\/post"}],"author":[{"embeddable":true,"href":"https:\/\/politicosaldesnudo.com.mx\/index.php\/wp-json\/wp\/v2\/users\/4"}],"replies":[{"embeddable":true,"href":"https:\/\/politicosaldesnudo.com.mx\/index.php\/wp-json\/wp\/v2\/comments?post=4611"}],"version-history":[{"count":0,"href":"https:\/\/politicosaldesnudo.com.mx\/index.php\/wp-json\/wp\/v2\/posts\/4611\/revisions"}],"wp:featuredmedia":[{"embeddable":true,"href":"https:\/\/politicosaldesnudo.com.mx\/index.php\/wp-json\/wp\/v2\/media\/3778"}],"wp:attachment":[{"href":"https:\/\/politicosaldesnudo.com.mx\/index.php\/wp-json\/wp\/v2\/media?parent=4611"}],"wp:term":[{"taxonomy":"category","embeddable":true,"href":"https:\/\/politicosaldesnudo.com.mx\/index.php\/wp-json\/wp\/v2\/categories?post=4611"},{"taxonomy":"post_tag","embeddable":true,"href":"https:\/\/politicosaldesnudo.com.mx\/index.php\/wp-json\/wp\/v2\/tags?post=4611"}],"curies":[{"name":"wp","href":"https:\/\/api.w.org\/{rel}","templated":true}]}}