{"id":46207,"date":"2024-09-13T13:07:15","date_gmt":"2024-09-13T18:07:15","guid":{"rendered":"https:\/\/politicosaldesnudo.com.mx\/?p=46207"},"modified":"2024-09-13T08:09:22","modified_gmt":"2024-09-13T13:09:22","slug":"ileana-impactara-mexico-como-tormenta-tropical-el-fin-de-semana","status":"publish","type":"post","link":"https:\/\/politicosaldesnudo.com.mx\/index.php\/2024\/09\/13\/ileana-impactara-mexico-como-tormenta-tropical-el-fin-de-semana\/","title":{"rendered":"Ileana impactar\u00e1 M\u00e9xico como tormenta tropical el fin de semana"},"content":{"rendered":"<div>\n<div id=\"content-body-225-12548147\">\n<p><span style=\"font-size: 14pt;\">La\u00a0Comisi\u00f3n Nacional del Agua (Conagua)\u00a0report\u00f3 la formaci\u00f3n de \u201cIleana\u201d, nueva\u00a0depresi\u00f3n tropical\u00a0en el\u00a0Oc\u00e9ano\u00a0Pac\u00edfico, frente a las\u00a0costas de Jalisco\u00a0y que impactar\u00eda varias entidades del\u00a0occidente de M\u00e9xico\u00a0y\u00a0norte del pa\u00eds\u00a0como\u00a0tormenta.<\/span><\/p>\n<p><span style=\"font-size: 14pt;\">\u201cDurante el transcurso de hoy, la depresi\u00f3n tropical podr\u00eda evolucionar a la tormenta tropical Ileana, mientras se desplaza sobre el oc\u00e9ano Pac\u00edfico, paralelo a las costas del occidente de M\u00e9xico, con trayectoria hacia el sur de Baja California Sur\u201d, se dijo en conferencia de la Conagua.<\/span><\/p>\n<\/div>\n<\/div>\n<div>\n<div id=\"dfp-nota-1x3s\" data-google-query-id=\"CJ_DrbP-v4gDFUHt9QIduTM2tQ\">\n<div id=\"google_ads_iframe_\/2000002\/la-prensa\/mexico_nota_1x3_0__container__\"><span style=\"font-size: 14pt;\">Son ocho estados\u00a0que se encuentran en el camino de \u201cIleana\u201d:\u00a0Sonora,\u00a0Baja\u00a0California\u00a0Sur,\u00a0Sinaloa,\u00a0Nayarit,\u00a0Jalisco\u00a0y\u00a0Colima.<\/span><\/div>\n<\/div>\n<\/div>\n<article>\n<div id=\"content-body-5851641-12548147\">\n<p><span style=\"font-size: 14pt;\">\u201cEn las pr\u00f3ximas horas, el cicl\u00f3n mantendr\u00e1 el potencial de lluvias de muy fuertes a intensas, vientos fuertes, oleaje elevado y posibles trombas marinas en costas del occidente de M\u00e9xico y Baja California Sur\u201d, destaca las autoridades meteorol\u00f3gicas.<\/span><\/p>\n<p><span style=\"font-size: 14pt;\">Las autoridades tienen preparados\u00a02 mil 370 refugios temporales\u00a0que se podr\u00e1n\u00a0habilitar\u00a0en dado caso de que este\u00a0fen\u00f3meno\u00a0ponga en\u00a0riesgo\u00a0la integridad de los mexicanos.<\/span><\/p>\n<p><span style=\"font-size: 14pt;\">\u201cLas precipitaciones de mayor intensidad podr\u00edan generar deslaves, incremento en niveles de r\u00edos y arroyos, as\u00ed como desbordamientos e inundaciones en zonas bajas de los estados mencionados\u201d, dice la Comisi\u00f3n al exhortar a la poblaci\u00f3n a estar atentos a los avisos del Servicio Meteorol\u00f3gico Nacional (SMN), de la Comisi\u00f3n Nacional del Agua (Conagua), y seguir las recomendaciones de Protecci\u00f3n Civil.<\/span><\/p>\n<p><span style=\"font-size: 14pt;\">Las\u00a0autoridades\u00a0meteorol\u00f3gicas\u00a0se mantienen en comunicaci\u00f3n con las autoridades de los ocho estados que podr\u00edan tener\u00a0afectaciones\u00a0con esta nueva\u00a0depresi\u00f3n\u00a0tropical.<\/span><\/p>\n<p><span style=\"font-size: 14pt;\">\u201cSe espera que el cicl\u00f3n tenga dos impactos, el primero el viernes y ser\u00eda en San Jos\u00e9 de Los Cabos y ser\u00eda en la tarde noche, hay que recordar que es horario diferente a la capital, entonces ser\u00eda a las 14:00 horas (de Baja California Sur), que estar\u00eda impactando y otro el d\u00eda s\u00e1bado en Sonora\u201d, dijo la Conagua.<\/span><\/p>\n<p><span style=\"font-size: 14pt;\">Desde este\u00a012 de septiembre\u00a0y hasta el\u00a0domingo 15, se cerrar\u00e1 la\u00a0navegaci\u00f3n\u00a0de embarcaciones en tres estados del pa\u00eds:\u00a0Nayarit,\u00a0Jalisco\u00a0y\u00a0Michoac\u00e1n.<\/span><\/p>\n<\/div>\n<\/article>\n","protected":false},"excerpt":{"rendered":"<p>La\u00a0Comisi\u00f3n Nacional del Agua (Conagua)\u00a0report\u00f3 la formaci\u00f3n de \u201cIleana\u201d, nueva\u00a0depresi\u00f3n tropical\u00a0en el\u00a0Oc\u00e9ano\u00a0Pac\u00edfico, frente a las\u00a0costas de Jalisco\u00a0y que impactar\u00eda varias<\/p>\n","protected":false},"author":4,"featured_media":46208,"comment_status":"closed","ping_status":"closed","sticky":false,"template":"","format":"standard","meta":{"colormag_page_container_layout":"default_layout","colormag_page_sidebar_layout":"default_layout","_jetpack_memberships_contains_paid_content":false,"footnotes":"","jetpack_publicize_message":"","jetpack_publicize_feature_enabled":true,"jetpack_social_post_already_shared":false,"jetpack_social_options":{"image_generator_settings":{"template":"highway","default_image_id":0,"font":"","enabled":false},"version":2}},"categories":[33],"tags":[],"class_list":["post-46207","post","type-post","status-publish","format-standard","has-post-thumbnail","hentry","category-nacional"],"jetpack_publicize_connections":[],"jetpack_featured_media_url":"https:\/\/i0.wp.com\/politicosaldesnudo.com.mx\/wp-content\/uploads\/2024\/09\/Tormenta-tropical.png?fit=768%2C479&ssl=1","jetpack-related-posts":[],"jetpack_sharing_enabled":true,"_links":{"self":[{"href":"https:\/\/politicosaldesnudo.com.mx\/index.php\/wp-json\/wp\/v2\/posts\/46207","targetHints":{"allow":["GET"]}}],"collection":[{"href":"https:\/\/politicosaldesnudo.com.mx\/index.php\/wp-json\/wp\/v2\/posts"}],"about":[{"href":"https:\/\/politicosaldesnudo.com.mx\/index.php\/wp-json\/wp\/v2\/types\/post"}],"author":[{"embeddable":true,"href":"https:\/\/politicosaldesnudo.com.mx\/index.php\/wp-json\/wp\/v2\/users\/4"}],"replies":[{"embeddable":true,"href":"https:\/\/politicosaldesnudo.com.mx\/index.php\/wp-json\/wp\/v2\/comments?post=46207"}],"version-history":[{"count":0,"href":"https:\/\/politicosaldesnudo.com.mx\/index.php\/wp-json\/wp\/v2\/posts\/46207\/revisions"}],"wp:featuredmedia":[{"embeddable":true,"href":"https:\/\/politicosaldesnudo.com.mx\/index.php\/wp-json\/wp\/v2\/media\/46208"}],"wp:attachment":[{"href":"https:\/\/politicosaldesnudo.com.mx\/index.php\/wp-json\/wp\/v2\/media?parent=46207"}],"wp:term":[{"taxonomy":"category","embeddable":true,"href":"https:\/\/politicosaldesnudo.com.mx\/index.php\/wp-json\/wp\/v2\/categories?post=46207"},{"taxonomy":"post_tag","embeddable":true,"href":"https:\/\/politicosaldesnudo.com.mx\/index.php\/wp-json\/wp\/v2\/tags?post=46207"}],"curies":[{"name":"wp","href":"https:\/\/api.w.org\/{rel}","templated":true}]}}