{"id":46216,"date":"2024-09-13T08:13:22","date_gmt":"2024-09-13T13:13:22","guid":{"rendered":"https:\/\/politicosaldesnudo.com.mx\/?p=46216"},"modified":"2024-09-13T08:13:22","modified_gmt":"2024-09-13T13:13:22","slug":"sector-cafetalero-requiere-mas-apoyo-productores-veracruzanos","status":"publish","type":"post","link":"https:\/\/politicosaldesnudo.com.mx\/index.php\/2024\/09\/13\/sector-cafetalero-requiere-mas-apoyo-productores-veracruzanos\/","title":{"rendered":"Sector cafetalero requiere m\u00e1s apoyo: Productores veracruzanos"},"content":{"rendered":"<p><span style=\"font-size: 14pt;\">La falta de herramientas para la siembra y corte de caf\u00e9, as\u00ed como la llegada de plagas como la Roya, son algunos de los retos que enfrentan los productores cafetaleros del Estado de Veracruz.\u00a0<\/span><\/p>\n<p><span style=\"font-size: 14pt;\">Santos Sosa, productor cafetalero de la regi\u00f3n de Naolinco, indic\u00f3 que se cuenta con difusi\u00f3n de los productos a trav\u00e9s de campa\u00f1as y jornadas, pero, requieren el acceso a apoyos econ\u00f3micos ante las mermas que llegan a padecer por las plagas que secan el producto y no pueden comercializarlo.\u00a0<\/span><\/p>\n<p><span style=\"font-size: 14pt;\">As\u00ed mismo, requieren herramientas que les permitan agilizar la producci\u00f3n como instrumentos para el corte y fermentaci\u00f3n, tinas, nylon para efecto invernadero, y malla sombra.<\/span><\/p>\n","protected":false},"excerpt":{"rendered":"<p>La falta de herramientas para la siembra y corte de caf\u00e9, as\u00ed como la llegada de plagas como la Roya,<\/p>\n","protected":false},"author":4,"featured_media":46217,"comment_status":"closed","ping_status":"closed","sticky":false,"template":"","format":"standard","meta":{"colormag_page_container_layout":"default_layout","colormag_page_sidebar_layout":"default_layout","_jetpack_memberships_contains_paid_content":false,"footnotes":"","jetpack_publicize_message":"","jetpack_publicize_feature_enabled":true,"jetpack_social_post_already_shared":false,"jetpack_social_options":{"image_generator_settings":{"template":"highway","default_image_id":0,"font":"","enabled":false},"version":2}},"categories":[1082],"tags":[],"class_list":["post-46216","post","type-post","status-publish","format-standard","has-post-thumbnail","hentry","category-tuxpan"],"jetpack_publicize_connections":[],"jetpack_featured_media_url":"https:\/\/i0.wp.com\/politicosaldesnudo.com.mx\/wp-content\/uploads\/2024\/09\/sector-cafetalero-requiere-mas-apoyo-productores-veracruzanos-550482.png?fit=800%2C600&ssl=1","jetpack-related-posts":[],"jetpack_sharing_enabled":true,"_links":{"self":[{"href":"https:\/\/politicosaldesnudo.com.mx\/index.php\/wp-json\/wp\/v2\/posts\/46216","targetHints":{"allow":["GET"]}}],"collection":[{"href":"https:\/\/politicosaldesnudo.com.mx\/index.php\/wp-json\/wp\/v2\/posts"}],"about":[{"href":"https:\/\/politicosaldesnudo.com.mx\/index.php\/wp-json\/wp\/v2\/types\/post"}],"author":[{"embeddable":true,"href":"https:\/\/politicosaldesnudo.com.mx\/index.php\/wp-json\/wp\/v2\/users\/4"}],"replies":[{"embeddable":true,"href":"https:\/\/politicosaldesnudo.com.mx\/index.php\/wp-json\/wp\/v2\/comments?post=46216"}],"version-history":[{"count":0,"href":"https:\/\/politicosaldesnudo.com.mx\/index.php\/wp-json\/wp\/v2\/posts\/46216\/revisions"}],"wp:featuredmedia":[{"embeddable":true,"href":"https:\/\/politicosaldesnudo.com.mx\/index.php\/wp-json\/wp\/v2\/media\/46217"}],"wp:attachment":[{"href":"https:\/\/politicosaldesnudo.com.mx\/index.php\/wp-json\/wp\/v2\/media?parent=46216"}],"wp:term":[{"taxonomy":"category","embeddable":true,"href":"https:\/\/politicosaldesnudo.com.mx\/index.php\/wp-json\/wp\/v2\/categories?post=46216"},{"taxonomy":"post_tag","embeddable":true,"href":"https:\/\/politicosaldesnudo.com.mx\/index.php\/wp-json\/wp\/v2\/tags?post=46216"}],"curies":[{"name":"wp","href":"https:\/\/api.w.org\/{rel}","templated":true}]}}