{"id":46226,"date":"2024-09-14T00:00:05","date_gmt":"2024-09-14T05:00:05","guid":{"rendered":"https:\/\/politicosaldesnudo.com.mx\/?p=46226"},"modified":"2024-09-13T23:54:10","modified_gmt":"2024-09-14T04:54:10","slug":"fin-de-semana-con-ambiente-caluroso-en-veracruz","status":"publish","type":"post","link":"https:\/\/politicosaldesnudo.com.mx\/index.php\/2024\/09\/14\/fin-de-semana-con-ambiente-caluroso-en-veracruz\/","title":{"rendered":"Fin de semana con ambiente caluroso en Veracruz"},"content":{"rendered":"<p><span style=\"font-size: 14pt;\">La onda tropical n\u00famero 22 cruza el suroeste del Golfo de M\u00e9xico y se extiende sobre Tabasco y Chiapas al Golfo de Tehuantepec, adem\u00e1s una vaguada se analiza en el centro del pa\u00eds.\u00a0<\/span><\/p>\n<p><span style=\"font-size: 14pt;\">En Veracruz, se prev\u00e9 un viernes con un cielo despejado a medio nublado, con aumento de nublados y potencial del lluvias vespertinas a nocturnas, acumulados de 5 a 10 mm, y mayores de 30 a 50 mm en zonas monta\u00f1osas, el viento del sureste, este y noreste, con rachas de 35 km\/h en el litoral, las temperaturas diurnas ser\u00e1n altas y el ambiente bochornoso, pero fresco a fr\u00edo por la noche y madrugada en monta\u00f1as.<\/span><\/p>\n<p><span style=\"font-size: 14pt;\">Los modelos de pron\u00f3stico indican para los siguientes siete d\u00edas temperatura media superior al promedio y lluvia acumulada menor o igual a lo normal. Por otra parte, los modelos clim\u00e1ticos indican un septiembre con ambiente m\u00e1s caluroso de lo normal y lluvia acumulada igual o superior al promedio.<\/span><\/p>\n","protected":false},"excerpt":{"rendered":"<p>La onda tropical n\u00famero 22 cruza el suroeste del Golfo de M\u00e9xico y se extiende sobre Tabasco y Chiapas al<\/p>\n","protected":false},"author":4,"featured_media":46227,"comment_status":"closed","ping_status":"closed","sticky":false,"template":"","format":"standard","meta":{"colormag_page_container_layout":"default_layout","colormag_page_sidebar_layout":"default_layout","_jetpack_memberships_contains_paid_content":false,"footnotes":"","jetpack_publicize_message":"","jetpack_publicize_feature_enabled":true,"jetpack_social_post_already_shared":false,"jetpack_social_options":{"image_generator_settings":{"template":"highway","default_image_id":0,"font":"","enabled":false},"version":2}},"categories":[1082],"tags":[],"class_list":["post-46226","post","type-post","status-publish","format-standard","has-post-thumbnail","hentry","category-tuxpan"],"jetpack_publicize_connections":[],"jetpack_featured_media_url":"https:\/\/i0.wp.com\/politicosaldesnudo.com.mx\/wp-content\/uploads\/2024\/09\/fin-de-semana-con-ambiente-caluroso-en-veracruz-550665.jpg?fit=800%2C600&ssl=1","jetpack-related-posts":[],"jetpack_sharing_enabled":true,"_links":{"self":[{"href":"https:\/\/politicosaldesnudo.com.mx\/index.php\/wp-json\/wp\/v2\/posts\/46226","targetHints":{"allow":["GET"]}}],"collection":[{"href":"https:\/\/politicosaldesnudo.com.mx\/index.php\/wp-json\/wp\/v2\/posts"}],"about":[{"href":"https:\/\/politicosaldesnudo.com.mx\/index.php\/wp-json\/wp\/v2\/types\/post"}],"author":[{"embeddable":true,"href":"https:\/\/politicosaldesnudo.com.mx\/index.php\/wp-json\/wp\/v2\/users\/4"}],"replies":[{"embeddable":true,"href":"https:\/\/politicosaldesnudo.com.mx\/index.php\/wp-json\/wp\/v2\/comments?post=46226"}],"version-history":[{"count":0,"href":"https:\/\/politicosaldesnudo.com.mx\/index.php\/wp-json\/wp\/v2\/posts\/46226\/revisions"}],"wp:featuredmedia":[{"embeddable":true,"href":"https:\/\/politicosaldesnudo.com.mx\/index.php\/wp-json\/wp\/v2\/media\/46227"}],"wp:attachment":[{"href":"https:\/\/politicosaldesnudo.com.mx\/index.php\/wp-json\/wp\/v2\/media?parent=46226"}],"wp:term":[{"taxonomy":"category","embeddable":true,"href":"https:\/\/politicosaldesnudo.com.mx\/index.php\/wp-json\/wp\/v2\/categories?post=46226"},{"taxonomy":"post_tag","embeddable":true,"href":"https:\/\/politicosaldesnudo.com.mx\/index.php\/wp-json\/wp\/v2\/tags?post=46226"}],"curies":[{"name":"wp","href":"https:\/\/api.w.org\/{rel}","templated":true}]}}