{"id":46352,"date":"2024-09-16T00:07:45","date_gmt":"2024-09-16T05:07:45","guid":{"rendered":"https:\/\/politicosaldesnudo.com.mx\/?p=46352"},"modified":"2024-09-16T00:07:45","modified_gmt":"2024-09-16T05:07:45","slug":"caida-de-techo-en-modulos-de-importacion-de-la-aduana-de-nuevo-laredo-provoca-cierre-temporal","status":"publish","type":"post","link":"https:\/\/politicosaldesnudo.com.mx\/index.php\/2024\/09\/16\/caida-de-techo-en-modulos-de-importacion-de-la-aduana-de-nuevo-laredo-provoca-cierre-temporal\/","title":{"rendered":"Ca\u00edda de techo en M\u00f3dulos de Importaci\u00f3n de la Aduana de Nuevo Laredo provoca cierre temporal"},"content":{"rendered":"<div>\n<p><span style=\"font-size: 14pt;\">Comce Noreste y la Asociaci\u00f3n de Agentes Aduanales de Nuevo Laredo, informaron que debido a la intensa tormenta ocurrida la noche del 14 de septiembre, por ello pidieron a quienes realizan importaciones tomar las medidas necesarias, ya que estar\u00e1n cerrados los M\u00f3dulos el 15 y 16 de septiembre, para reparar el techo.<\/span><\/p>\n<\/div>\n<div>\n<div>\n<div><span style=\"font-size: 14pt;\">La intensa tormenta de la noche del s\u00e1bado 14 de septiembre, ocasion\u00f3 da\u00f1os considerables a los M\u00f3dulos de Importaci\u00f3n de la Aduana de Nuevo Laredo, afectando su operaci\u00f3n, ya que se encuentra bloqueado el acceso a los m\u00f3dulos por el colapso del techo, informaron de forma paralela el Comce Noreste y la\u00a0Asociaci\u00f3n de Agentes Aduanales de Nuevo Laredo.<\/span><\/div>\n<\/div>\n<div>\n<div id=\"readNote\">\n<p><span style=\"font-size: 14pt;\">Pidieron a quienes realizan importaciones \u201cque tomen las\u00a0medidas que consideren necesarias para evacuar las operaciones\u00a0ya que estar\u00e1n cerrados (los M\u00f3dulos de Importaciones) los d\u00edas 15 y 16 de septiembre del presente a\u00f1o para realizar las reparaciones pertinentes\u201d.<\/span><\/p>\n<div>\n<div id=\"script-container2\">\n<div id=\"daily-player-news\">\n<div><span style=\"font-size: 14pt;\">Los m\u00f3dulos de exportaci\u00f3n s\u00ed estar\u00e1n operando, indic\u00f3 el\u00a0Comce Noreste.<\/span><\/div>\n<\/div>\n<\/div>\n<\/div>\n<p><span style=\"font-size: 14pt;\">A su vez, la\u00a0Asociaci\u00f3n de Agentes Aduanales de Nuevo Laredo, sugiri\u00f3 a los importadores cruzar por el Puerto Colombia, mientras se repara la zona de M\u00f3dulos de Importaci\u00f3n.<\/span><\/p>\n<\/div>\n<\/div>\n<\/div>\n","protected":false},"excerpt":{"rendered":"<p>Comce Noreste y la Asociaci\u00f3n de Agentes Aduanales de Nuevo Laredo, informaron que debido a la intensa tormenta ocurrida la<\/p>\n","protected":false},"author":4,"featured_media":46353,"comment_status":"closed","ping_status":"closed","sticky":false,"template":"","format":"standard","meta":{"colormag_page_container_layout":"default_layout","colormag_page_sidebar_layout":"default_layout","_jetpack_memberships_contains_paid_content":false,"footnotes":"","jetpack_publicize_message":"","jetpack_publicize_feature_enabled":true,"jetpack_social_post_already_shared":false,"jetpack_social_options":{"image_generator_settings":{"template":"highway","default_image_id":0,"font":"","enabled":false},"version":2}},"categories":[30],"tags":[],"class_list":["post-46352","post","type-post","status-publish","format-standard","has-post-thumbnail","hentry","category-estados"],"jetpack_publicize_connections":[],"jetpack_featured_media_url":"https:\/\/i0.wp.com\/politicosaldesnudo.com.mx\/wp-content\/uploads\/2024\/09\/aduana_nuevo_laredo_cortesia.jpg_554688468.jpg?fit=1200%2C675&ssl=1","jetpack-related-posts":[],"jetpack_sharing_enabled":true,"_links":{"self":[{"href":"https:\/\/politicosaldesnudo.com.mx\/index.php\/wp-json\/wp\/v2\/posts\/46352","targetHints":{"allow":["GET"]}}],"collection":[{"href":"https:\/\/politicosaldesnudo.com.mx\/index.php\/wp-json\/wp\/v2\/posts"}],"about":[{"href":"https:\/\/politicosaldesnudo.com.mx\/index.php\/wp-json\/wp\/v2\/types\/post"}],"author":[{"embeddable":true,"href":"https:\/\/politicosaldesnudo.com.mx\/index.php\/wp-json\/wp\/v2\/users\/4"}],"replies":[{"embeddable":true,"href":"https:\/\/politicosaldesnudo.com.mx\/index.php\/wp-json\/wp\/v2\/comments?post=46352"}],"version-history":[{"count":0,"href":"https:\/\/politicosaldesnudo.com.mx\/index.php\/wp-json\/wp\/v2\/posts\/46352\/revisions"}],"wp:featuredmedia":[{"embeddable":true,"href":"https:\/\/politicosaldesnudo.com.mx\/index.php\/wp-json\/wp\/v2\/media\/46353"}],"wp:attachment":[{"href":"https:\/\/politicosaldesnudo.com.mx\/index.php\/wp-json\/wp\/v2\/media?parent=46352"}],"wp:term":[{"taxonomy":"category","embeddable":true,"href":"https:\/\/politicosaldesnudo.com.mx\/index.php\/wp-json\/wp\/v2\/categories?post=46352"},{"taxonomy":"post_tag","embeddable":true,"href":"https:\/\/politicosaldesnudo.com.mx\/index.php\/wp-json\/wp\/v2\/tags?post=46352"}],"curies":[{"name":"wp","href":"https:\/\/api.w.org\/{rel}","templated":true}]}}