{"id":46402,"date":"2024-09-16T07:57:14","date_gmt":"2024-09-16T12:57:14","guid":{"rendered":"https:\/\/politicosaldesnudo.com.mx\/?p=46402"},"modified":"2024-09-16T07:57:14","modified_gmt":"2024-09-16T12:57:14","slug":"se-olvidaron-del-teba-de-santiago","status":"publish","type":"post","link":"https:\/\/politicosaldesnudo.com.mx\/index.php\/2024\/09\/16\/se-olvidaron-del-teba-de-santiago\/","title":{"rendered":"Se olvidaron del Teba de Santiago"},"content":{"rendered":"<p><span style=\"font-size: 14pt;\">Maestros, alumnos y padres de familia del Telebachillerato de Santiago de la Pe\u00f1a temen que el proyecto de construcci\u00f3n de sus escuela se quede en promesas, ya que termina la administraci\u00f3n estatal y la direcci\u00f3n de Espacios Educativos nunca concret\u00f3 la obra, pese a haber informado que el recurso ya hab\u00eda sido autorizado y etiquetado.<\/span><\/p>\n<p><span style=\"font-size: 14pt;\">Se\u00f1alaron que llevan varios a\u00f1os tocando puertas, y durante la administraci\u00f3n municipal anterior les fue donado el terreno, y durante este gobierno el pasado mes de enero se les entregaron las escrituras,\u00a0 que era el \u00fanico requisito que faltaba para verse beneficiados con la construcci\u00f3n del anhelado plantel.<\/span><\/p>\n<p><span style=\"font-size: 14pt;\">Asimismo argumentaron que cuentan con el documento donde la Secretar\u00eda de Educaci\u00f3n de Veracruz a trav\u00e9s de Espacios Educativos les notific\u00f3 la autorizaci\u00f3n del recurso y la obra,\u00a0 sin embargo nunca se iniciaron los trabajos.<\/span><\/p>\n<p><span style=\"font-size: 14pt;\">En esta semana tuvieron acercamiento con el titular de la SEV en la entidad durante un evento realizado en Tuxpan, mismo que les inform\u00f3 que ya no pod\u00eda ayudar en mucho, y solo se comprometi\u00f3 a informar a las pr\u00f3ximas autoridades estatales respecto a dicho proyecto.<\/span><\/p>\n<p><span style=\"font-size: 14pt;\">Hasta el momento no han podido tener contacto con la gobernadora electa o quien ser\u00e1 la nueva autoridad de SEV por lo que temen que su sue\u00f1o y proyecto sea abandonado y no se cumpla.<\/span><\/p>\n<p><span style=\"font-size: 14pt;\">El Teba de Santiago de la Pe\u00f1a cuenta con cerca de cien estudiantes y cuatro docentes, mismos que trabajan en una Galera prestada por la agencia municipal de dicha congregaci\u00f3n,\u00a0 la cual carece de todo, en tiempos de calor y en tiempos de lluvias los docentes y alumnos padecen las inclemencias,\u00a0 al grado que muchas veces reciben clases en el parque ubicado al exterior.<\/span><\/p>\n","protected":false},"excerpt":{"rendered":"<p>Maestros, alumnos y padres de familia del Telebachillerato de Santiago de la Pe\u00f1a temen que el proyecto de construcci\u00f3n de<\/p>\n","protected":false},"author":4,"featured_media":46403,"comment_status":"closed","ping_status":"closed","sticky":false,"template":"","format":"standard","meta":{"colormag_page_container_layout":"default_layout","colormag_page_sidebar_layout":"default_layout","_jetpack_memberships_contains_paid_content":false,"footnotes":"","jetpack_publicize_message":"","jetpack_publicize_feature_enabled":true,"jetpack_social_post_already_shared":false,"jetpack_social_options":{"image_generator_settings":{"template":"highway","default_image_id":0,"font":"","enabled":false},"version":2}},"categories":[1082],"tags":[],"class_list":["post-46402","post","type-post","status-publish","format-standard","has-post-thumbnail","hentry","category-tuxpan"],"jetpack_publicize_connections":[],"jetpack_featured_media_url":"https:\/\/i0.wp.com\/politicosaldesnudo.com.mx\/wp-content\/uploads\/2024\/09\/4a5.jpg?fit=1200%2C900&ssl=1","jetpack-related-posts":[],"jetpack_sharing_enabled":true,"_links":{"self":[{"href":"https:\/\/politicosaldesnudo.com.mx\/index.php\/wp-json\/wp\/v2\/posts\/46402","targetHints":{"allow":["GET"]}}],"collection":[{"href":"https:\/\/politicosaldesnudo.com.mx\/index.php\/wp-json\/wp\/v2\/posts"}],"about":[{"href":"https:\/\/politicosaldesnudo.com.mx\/index.php\/wp-json\/wp\/v2\/types\/post"}],"author":[{"embeddable":true,"href":"https:\/\/politicosaldesnudo.com.mx\/index.php\/wp-json\/wp\/v2\/users\/4"}],"replies":[{"embeddable":true,"href":"https:\/\/politicosaldesnudo.com.mx\/index.php\/wp-json\/wp\/v2\/comments?post=46402"}],"version-history":[{"count":0,"href":"https:\/\/politicosaldesnudo.com.mx\/index.php\/wp-json\/wp\/v2\/posts\/46402\/revisions"}],"wp:featuredmedia":[{"embeddable":true,"href":"https:\/\/politicosaldesnudo.com.mx\/index.php\/wp-json\/wp\/v2\/media\/46403"}],"wp:attachment":[{"href":"https:\/\/politicosaldesnudo.com.mx\/index.php\/wp-json\/wp\/v2\/media?parent=46402"}],"wp:term":[{"taxonomy":"category","embeddable":true,"href":"https:\/\/politicosaldesnudo.com.mx\/index.php\/wp-json\/wp\/v2\/categories?post=46402"},{"taxonomy":"post_tag","embeddable":true,"href":"https:\/\/politicosaldesnudo.com.mx\/index.php\/wp-json\/wp\/v2\/tags?post=46402"}],"curies":[{"name":"wp","href":"https:\/\/api.w.org\/{rel}","templated":true}]}}