{"id":46425,"date":"2024-09-17T00:01:20","date_gmt":"2024-09-17T05:01:20","guid":{"rendered":"https:\/\/politicosaldesnudo.com.mx\/?p=46425"},"modified":"2024-09-16T23:35:55","modified_gmt":"2024-09-17T04:35:55","slug":"hombre-que-intentaria-asesinar-a-trump-lo-acecho-por-12-horas","status":"publish","type":"post","link":"https:\/\/politicosaldesnudo.com.mx\/index.php\/2024\/09\/17\/hombre-que-intentaria-asesinar-a-trump-lo-acecho-por-12-horas\/","title":{"rendered":"Hombre que intentar\u00eda asesinar a Trump lo acech\u00f3 por 12 horas"},"content":{"rendered":"<div>\n<div id=\"content-body-225-12565823\">\n<p><span style=\"font-size: 14pt;\">Ryan Routh, acusado este lunes de dos cargos federales relacionados con\u00a0armas de fuego, estuvo durante\u00a0casi 12 horas al acecho\u00a0para supuestamente\u00a0intentar asesinar al expresidente de Estados Unidos Donald Trump.<\/span><\/p>\n<p><span style=\"font-size: 14pt;\">De acuerdo a la Fiscal\u00eda federal, que lo se\u00f1ala por posesi\u00f3n de un arma de fuego siendo un delincuente convicto y posesi\u00f3n de un arma de fuego con un n\u00famero de serie borrado,\u00a0el hombre hab\u00eda estado circulando desde la 1:59 hora local, es decir por casi 12 horas, en las inmediaciones del campo de golf.<\/span><\/p>\n<\/div>\n<\/div>\n<div>\n<div id=\"dfp-nota-1x3s\" data-google-query-id=\"COWXwpeTyYgDFczzGAIdZjwMFw\">\n<div id=\"google_ads_iframe_\/2000002\/la-prensa\/mexico_nota_1x3_0__container__\">\n<div id=\"inArticle_1\">\n<div>\n<div>\n<div>\n<div><span style=\"font-size: 14pt;\">El hecho, ocurrido en la tarde del domingo en un club de golf en Palm Beach\u00a0de propiedad de Trump, y que\u00a0el FBI investiga como \u00abun intento de asesinato\u00bb, tambi\u00e9n es investigado por las autoridades de Florida, seg\u00fan inform\u00f3 el gobernador de ese estado, Ron DeSantis.<\/span><\/div>\n<\/div>\n<\/div>\n<\/div>\n<\/div>\n<\/div>\n<\/div>\n<\/div>\n<article>\n<div id=\"content-body-5851641-12565823\">\n<div id=\"standard_14\"><span style=\"font-size: 14pt;\">Routh, quien cuenta con varios antecedentes penales en Carolina del Norte, incluida una condena en 2002 por \u00abposesi\u00f3n de un arma de muerte y destrucci\u00f3n masiva\u00bb, la cual le imped\u00eda volver a portar un arma de fuego, afronta un m\u00e1ximo de\u00a020 a\u00f1os en prisi\u00f3n y medio mill\u00f3n de d\u00f3lares en multas.<\/span><\/div>\n<article>\n<div>\n<h4><span style=\"font-size: 14pt;\">Routh, un desencantado de Trump<\/span><\/h4>\n<\/div>\n<\/article>\n<p><span style=\"font-size: 14pt;\">A diferencia de Butler, donde\u00a0el republicano result\u00f3 herido en una oreja por uno de los disparos, en esta ocasi\u00f3n el sospechoso, Ryan Wesley Routh,\u00a0no lleg\u00f3 a apretar el gatillo desde su escondite detr\u00e1s de unos arbustos, ya que fue divisado por un\u00a0agente del Servicio Secreto\u00a0que le dispar\u00f3 y motiv\u00f3 su huida.<\/span><\/p>\n<p><span style=\"font-size: 14pt;\">El sospechoso fue detenido unos 45 minutos despu\u00e9s\u00a0de que escapara del campo de golf, mientras conduc\u00eda su camioneta rumbo al norte por una carretera interestatal.<\/span><\/p>\n<p><span style=\"font-size: 14pt;\">En el lugar donde se encontraba Routh, entre los arbustos, dej\u00f3 el arma,\u00a0un rifle de asalto AR-47 con mira telesc\u00f3pica, dos mochilas y una c\u00e1mara deportiva GoPro.<\/span><\/p>\n<p><span style=\"font-size: 14pt;\">El sospechoso, que podr\u00eda afrontar m\u00e1s cargos federales y estatales,\u00a0hab\u00eda votado por el republicano en 2016, pero se encontraba \u00abdecepcionado\u00bb de su mandato y\u00a0en los \u00faltimos meses hab\u00eda declarado en redes sociales su firme defensa de Ucrania\u00a0y hasta viaj\u00f3 a ese pa\u00eds para tratar de enrolarse en su Ej\u00e9rcito y luchar contra los rusos.<\/span><\/p>\n<\/div>\n<\/article>\n","protected":false},"excerpt":{"rendered":"<p>Ryan Routh, acusado este lunes de dos cargos federales relacionados con\u00a0armas de fuego, estuvo durante\u00a0casi 12 horas al acecho\u00a0para supuestamente\u00a0intentar<\/p>\n","protected":false},"author":4,"featured_media":46426,"comment_status":"closed","ping_status":"closed","sticky":false,"template":"","format":"standard","meta":{"colormag_page_container_layout":"default_layout","colormag_page_sidebar_layout":"default_layout","_jetpack_memberships_contains_paid_content":false,"footnotes":"","jetpack_publicize_message":"","jetpack_publicize_feature_enabled":true,"jetpack_social_post_already_shared":false,"jetpack_social_options":{"image_generator_settings":{"template":"highway","default_image_id":0,"font":"","enabled":false},"version":2}},"categories":[28],"tags":[],"class_list":["post-46425","post","type-post","status-publish","format-standard","has-post-thumbnail","hentry","category-internacional"],"jetpack_publicize_connections":[],"jetpack_featured_media_url":"https:\/\/i0.wp.com\/politicosaldesnudo.com.mx\/wp-content\/uploads\/2024\/09\/Acusado-de-segundo-intento-de-asesinato-contra-Trump-lo-acecho-medio-dia.png?fit=768%2C479&ssl=1","jetpack-related-posts":[],"jetpack_sharing_enabled":true,"_links":{"self":[{"href":"https:\/\/politicosaldesnudo.com.mx\/index.php\/wp-json\/wp\/v2\/posts\/46425","targetHints":{"allow":["GET"]}}],"collection":[{"href":"https:\/\/politicosaldesnudo.com.mx\/index.php\/wp-json\/wp\/v2\/posts"}],"about":[{"href":"https:\/\/politicosaldesnudo.com.mx\/index.php\/wp-json\/wp\/v2\/types\/post"}],"author":[{"embeddable":true,"href":"https:\/\/politicosaldesnudo.com.mx\/index.php\/wp-json\/wp\/v2\/users\/4"}],"replies":[{"embeddable":true,"href":"https:\/\/politicosaldesnudo.com.mx\/index.php\/wp-json\/wp\/v2\/comments?post=46425"}],"version-history":[{"count":0,"href":"https:\/\/politicosaldesnudo.com.mx\/index.php\/wp-json\/wp\/v2\/posts\/46425\/revisions"}],"wp:featuredmedia":[{"embeddable":true,"href":"https:\/\/politicosaldesnudo.com.mx\/index.php\/wp-json\/wp\/v2\/media\/46426"}],"wp:attachment":[{"href":"https:\/\/politicosaldesnudo.com.mx\/index.php\/wp-json\/wp\/v2\/media?parent=46425"}],"wp:term":[{"taxonomy":"category","embeddable":true,"href":"https:\/\/politicosaldesnudo.com.mx\/index.php\/wp-json\/wp\/v2\/categories?post=46425"},{"taxonomy":"post_tag","embeddable":true,"href":"https:\/\/politicosaldesnudo.com.mx\/index.php\/wp-json\/wp\/v2\/tags?post=46425"}],"curies":[{"name":"wp","href":"https:\/\/api.w.org\/{rel}","templated":true}]}}