{"id":4647,"date":"2022-05-02T09:43:26","date_gmt":"2022-05-02T14:43:26","guid":{"rendered":"https:\/\/politicosaldesnudo.com.mx\/?p=4647"},"modified":"2022-05-02T09:43:26","modified_gmt":"2022-05-02T14:43:26","slug":"un-sector-salud-eficaz-en-veracruz","status":"publish","type":"post","link":"https:\/\/politicosaldesnudo.com.mx\/index.php\/2022\/05\/02\/un-sector-salud-eficaz-en-veracruz\/","title":{"rendered":"Un Sector Salud eficaz en Veracruz"},"content":{"rendered":"<p>&nbsp;<\/p>\n<p class=\"p1\"><strong><span style=\"font-size: 18pt;\">Por \u00c1ngel \u00c1lvaro Pe\u00f1a<\/span><\/strong><\/p>\n<p class=\"p1\"><span style=\"font-size: 14pt;\"><em><strong>Tuxpan, Veracruz.<\/strong> <\/em>La <strong>eficacia del Sector Salud en Veracruz se ha visto reactivada<\/strong> de tres a\u00f1os a la fecha, cuando el <strong>secretario Dr. Roberto Ramos Alor tom\u00f3 posesi\u00f3n de esa responsabilidad. Ahora ante cualquier incidente lamentable la reacci\u00f3n m\u00e9dica en el estado mantiene una din\u00e1mica<\/strong> que pocas veces se hab\u00eda visto en la entidad.<\/span><\/p>\n<p>&nbsp;<\/p>\n<p><img data-recalc-dims=\"1\" loading=\"lazy\" decoding=\"async\" class=\"aligncenter wp-image-4649 size-large\" src=\"https:\/\/i0.wp.com\/politicosaldesnudo.com.mx\/wp-content\/uploads\/2022\/05\/P-DYLAN1-1024x573.png?resize=800%2C448&#038;ssl=1\" alt=\"\" width=\"800\" height=\"448\" srcset=\"https:\/\/i0.wp.com\/politicosaldesnudo.com.mx\/wp-content\/uploads\/2022\/05\/P-DYLAN1.png?resize=1024%2C573&amp;ssl=1 1024w, https:\/\/i0.wp.com\/politicosaldesnudo.com.mx\/wp-content\/uploads\/2022\/05\/P-DYLAN1.png?resize=300%2C168&amp;ssl=1 300w, https:\/\/i0.wp.com\/politicosaldesnudo.com.mx\/wp-content\/uploads\/2022\/05\/P-DYLAN1.png?resize=768%2C430&amp;ssl=1 768w, https:\/\/i0.wp.com\/politicosaldesnudo.com.mx\/wp-content\/uploads\/2022\/05\/P-DYLAN1.png?resize=1536%2C859&amp;ssl=1 1536w, https:\/\/i0.wp.com\/politicosaldesnudo.com.mx\/wp-content\/uploads\/2022\/05\/P-DYLAN1.png?w=1816&amp;ssl=1 1816w, https:\/\/i0.wp.com\/politicosaldesnudo.com.mx\/wp-content\/uploads\/2022\/05\/P-DYLAN1.png?w=1600&amp;ssl=1 1600w\" sizes=\"auto, (max-width: 800px) 100vw, 800px\" \/><\/p>\n<p>&nbsp;<\/p>\n<p><span style=\"font-size: 18pt;\"><strong>EL CASO DE DYLAN\u00a0<\/strong><\/span><\/p>\n<p class=\"p1\"><span style=\"font-size: 14pt;\">Los m\u00e9dicos y param\u00e9dicos del estado est\u00e1n adiestrados en alertas y urgencias sanitarias, a causa de la pandemia, lo cual sirvi\u00f3 como preparaci\u00f3n para posteriores eventualidades, como fue el caso del ni\u00f1o<strong> Dylan de Jes\u00fas, de tres a\u00f1os de edad, quien cay\u00f3 accidentalmente desde una azotea de varios pisos en la ciudad de Tuxpan.<\/strong><\/span><\/p>\n<p class=\"p1\"><span style=\"font-size: 14pt;\">De inmediato <strong>los servicios m\u00e9dicos del lugar acudieron por el menor para trasladarlo al Hospital Civil Emilio Alc\u00e1zar<\/strong>, que dirige el <strong>Dr. Romualdo Cruz Cerecedo<\/strong>, la <strong>evaluaci\u00f3n fue inmediata a cargo de la subdirectora del hospital Dra. Alicia M\u00e9ndez y fue intervenido quir\u00fargicamente. Afortunadamente Dylan de Jes\u00fas s\u00f3lo tuvo una fractura de brazo.<\/strong><\/span><\/p>\n<p class=\"p1\"><span style=\"font-size: 14pt;\">Luego de la intervenci\u00f3n, en ese hospital perteneciente al Sector Salud del estado. <strong>Dylan fue agasajado por ser D\u00eda del Ni\u00f1o, cuando un grupo de m\u00e9dicos y enfermeras fueron a visitarlo a la cama donde convalec\u00eda con algunos juguetes.<\/strong><\/span><\/p>\n<p>&nbsp;<\/p>\n<p><img data-recalc-dims=\"1\" loading=\"lazy\" decoding=\"async\" class=\"aligncenter wp-image-4651\" src=\"https:\/\/i0.wp.com\/politicosaldesnudo.com.mx\/wp-content\/uploads\/2022\/05\/P-DYLAN3-211x300.png?resize=400%2C570&#038;ssl=1\" alt=\"\" width=\"400\" height=\"570\" srcset=\"https:\/\/i0.wp.com\/politicosaldesnudo.com.mx\/wp-content\/uploads\/2022\/05\/P-DYLAN3.png?resize=211%2C300&amp;ssl=1 211w, https:\/\/i0.wp.com\/politicosaldesnudo.com.mx\/wp-content\/uploads\/2022\/05\/P-DYLAN3.png?w=684&amp;ssl=1 684w\" sizes=\"auto, (max-width: 400px) 100vw, 400px\" \/><\/p>\n<p>&nbsp;<\/p>\n<p class=\"p1\"><span style=\"font-size: 14pt;\">Para complementar el diagn\u00f3stico fue trasladado en una ambulancia a <strong>un hospital del Sector Salud de la ciudad de Poza Rica para que le realizaran una tomograf\u00eda<\/strong>, cuyos resultados fueron satisfactorios.<\/span><\/p>\n<p>&nbsp;<\/p>\n<p>&nbsp;<\/p>\n<p>&nbsp;<\/p>\n<p>&nbsp;<\/p>\n<p>&nbsp;<\/p>\n","protected":false},"excerpt":{"rendered":"<p>&nbsp; Por \u00c1ngel \u00c1lvaro Pe\u00f1a Tuxpan, Veracruz. La eficacia del Sector Salud en Veracruz se ha visto reactivada de tres<\/p>\n","protected":false},"author":4,"featured_media":4650,"comment_status":"closed","ping_status":"closed","sticky":false,"template":"","format":"standard","meta":{"colormag_page_container_layout":"default_layout","colormag_page_sidebar_layout":"default_layout","_jetpack_memberships_contains_paid_content":false,"footnotes":"","jetpack_publicize_message":"","jetpack_publicize_feature_enabled":true,"jetpack_social_post_already_shared":false,"jetpack_social_options":{"image_generator_settings":{"template":"highway","default_image_id":0,"font":"","enabled":false},"version":2}},"categories":[30],"tags":[585,70,100],"class_list":["post-4647","post","type-post","status-publish","format-standard","has-post-thumbnail","hentry","category-estados","tag-salud","tag-tuxpan","tag-veracruz"],"jetpack_publicize_connections":[],"jetpack_featured_media_url":"https:\/\/i0.wp.com\/politicosaldesnudo.com.mx\/wp-content\/uploads\/2022\/05\/P-DYLAN2.png?fit=1816%2C1016&ssl=1","jetpack-related-posts":[],"jetpack_sharing_enabled":true,"_links":{"self":[{"href":"https:\/\/politicosaldesnudo.com.mx\/index.php\/wp-json\/wp\/v2\/posts\/4647","targetHints":{"allow":["GET"]}}],"collection":[{"href":"https:\/\/politicosaldesnudo.com.mx\/index.php\/wp-json\/wp\/v2\/posts"}],"about":[{"href":"https:\/\/politicosaldesnudo.com.mx\/index.php\/wp-json\/wp\/v2\/types\/post"}],"author":[{"embeddable":true,"href":"https:\/\/politicosaldesnudo.com.mx\/index.php\/wp-json\/wp\/v2\/users\/4"}],"replies":[{"embeddable":true,"href":"https:\/\/politicosaldesnudo.com.mx\/index.php\/wp-json\/wp\/v2\/comments?post=4647"}],"version-history":[{"count":0,"href":"https:\/\/politicosaldesnudo.com.mx\/index.php\/wp-json\/wp\/v2\/posts\/4647\/revisions"}],"wp:featuredmedia":[{"embeddable":true,"href":"https:\/\/politicosaldesnudo.com.mx\/index.php\/wp-json\/wp\/v2\/media\/4650"}],"wp:attachment":[{"href":"https:\/\/politicosaldesnudo.com.mx\/index.php\/wp-json\/wp\/v2\/media?parent=4647"}],"wp:term":[{"taxonomy":"category","embeddable":true,"href":"https:\/\/politicosaldesnudo.com.mx\/index.php\/wp-json\/wp\/v2\/categories?post=4647"},{"taxonomy":"post_tag","embeddable":true,"href":"https:\/\/politicosaldesnudo.com.mx\/index.php\/wp-json\/wp\/v2\/tags?post=4647"}],"curies":[{"name":"wp","href":"https:\/\/api.w.org\/{rel}","templated":true}]}}