{"id":46512,"date":"2024-09-18T00:00:34","date_gmt":"2024-09-18T05:00:34","guid":{"rendered":"https:\/\/politicosaldesnudo.com.mx\/?p=46512"},"modified":"2024-09-17T21:42:50","modified_gmt":"2024-09-18T02:42:50","slug":"por-septiembre-mes-del-testamento-se-instalaran-en-tuxpan-mesas-de-asesoria-al-publico-en-general-en-el-parque-reforma","status":"publish","type":"post","link":"https:\/\/politicosaldesnudo.com.mx\/index.php\/2024\/09\/18\/por-septiembre-mes-del-testamento-se-instalaran-en-tuxpan-mesas-de-asesoria-al-publico-en-general-en-el-parque-reforma\/","title":{"rendered":"Por \u201cSeptiembre Mes del Testamento\u201d se instalar\u00e1n en Tuxpan mesas de asesor\u00eda al p\u00fablico en general, en el Parque Reforma"},"content":{"rendered":"<p><span style=\"font-size: 14pt;\">\u2022 La atenci\u00f3n estar\u00e1 a cargo de personal del Registro P\u00fablico de la Propiedad y notarios, en horario de 9:00 a 13:00 horas<\/span><\/p>\n<p><span style=\"font-size: 14pt;\">Hoy mi\u00e9rcoles 18 de septiembre, de 9:00 a 13:00 horas, personal del Registro P\u00fablico de la Propiedad y el Comercio instalar\u00e1 en el Parque Reforma mesas de asesor\u00eda al p\u00fablico en general, respecto a los requisitos necesarios para llevar a cabo su testamento universal, en el marco del Programa Septiembre Mes del Testamento.<\/span><\/p>\n<p><span style=\"font-size: 14pt;\">Cabe se\u00f1alar que tambi\u00e9n se contar\u00e1 con la presencia de notarios p\u00fablicos de la Sexta Demarcaci\u00f3n Notarial, con sede en esta ciudad.<\/span><\/p>\n<p><span style=\"font-size: 14pt;\">La campa\u00f1a \u00abSeptiembre, mes del testamento\u00bb busca promover entre la poblaci\u00f3n el otorgamiento de testamentos, lo que es fundamental para dar certeza y seguridad patrimonial, adem\u00e1s de fomentar la cultura de la previsi\u00f3n.<\/span><\/p>\n<p><span style=\"font-size: 14pt;\">El testamento tambi\u00e9n reconoce obligaciones, dispone el cumplimiento de deberes pendientes y ordena asuntos familiares o personales despu\u00e9s de la muerte.<\/span><\/p>\n<p><img data-recalc-dims=\"1\" loading=\"lazy\" decoding=\"async\" class=\"aligncenter size-large wp-image-46514\" src=\"https:\/\/i0.wp.com\/politicosaldesnudo.com.mx\/wp-content\/uploads\/2024\/09\/b8be8677-f8a4-40ed-9dfb-51019884ea71-1024x1024.jpg?resize=800%2C800&#038;ssl=1\" alt=\"\" width=\"800\" height=\"800\" srcset=\"https:\/\/i0.wp.com\/politicosaldesnudo.com.mx\/wp-content\/uploads\/2024\/09\/b8be8677-f8a4-40ed-9dfb-51019884ea71.jpg?resize=1024%2C1024&amp;ssl=1 1024w, https:\/\/i0.wp.com\/politicosaldesnudo.com.mx\/wp-content\/uploads\/2024\/09\/b8be8677-f8a4-40ed-9dfb-51019884ea71.jpg?resize=300%2C300&amp;ssl=1 300w, https:\/\/i0.wp.com\/politicosaldesnudo.com.mx\/wp-content\/uploads\/2024\/09\/b8be8677-f8a4-40ed-9dfb-51019884ea71.jpg?resize=150%2C150&amp;ssl=1 150w, https:\/\/i0.wp.com\/politicosaldesnudo.com.mx\/wp-content\/uploads\/2024\/09\/b8be8677-f8a4-40ed-9dfb-51019884ea71.jpg?resize=768%2C768&amp;ssl=1 768w, https:\/\/i0.wp.com\/politicosaldesnudo.com.mx\/wp-content\/uploads\/2024\/09\/b8be8677-f8a4-40ed-9dfb-51019884ea71.jpg?w=1200&amp;ssl=1 1200w\" sizes=\"auto, (max-width: 800px) 100vw, 800px\" \/><\/p>\n","protected":false},"excerpt":{"rendered":"<p>\u2022 La atenci\u00f3n estar\u00e1 a cargo de personal del Registro P\u00fablico de la Propiedad y notarios, en horario de 9:00<\/p>\n","protected":false},"author":4,"featured_media":46513,"comment_status":"closed","ping_status":"closed","sticky":false,"template":"","format":"standard","meta":{"colormag_page_container_layout":"default_layout","colormag_page_sidebar_layout":"default_layout","_jetpack_memberships_contains_paid_content":false,"footnotes":"","jetpack_publicize_message":"","jetpack_publicize_feature_enabled":true,"jetpack_social_post_already_shared":false,"jetpack_social_options":{"image_generator_settings":{"template":"highway","default_image_id":0,"font":"","enabled":false},"version":2}},"categories":[3205,1082],"tags":[],"class_list":["post-46512","post","type-post","status-publish","format-standard","has-post-thumbnail","hentry","category-gobierno-tuxpan","category-tuxpan"],"jetpack_publicize_connections":[],"jetpack_featured_media_url":"https:\/\/i0.wp.com\/politicosaldesnudo.com.mx\/wp-content\/uploads\/2024\/09\/FotoJet-2-1-696x418-1.jpg?fit=696%2C418&ssl=1","jetpack-related-posts":[],"jetpack_sharing_enabled":true,"_links":{"self":[{"href":"https:\/\/politicosaldesnudo.com.mx\/index.php\/wp-json\/wp\/v2\/posts\/46512","targetHints":{"allow":["GET"]}}],"collection":[{"href":"https:\/\/politicosaldesnudo.com.mx\/index.php\/wp-json\/wp\/v2\/posts"}],"about":[{"href":"https:\/\/politicosaldesnudo.com.mx\/index.php\/wp-json\/wp\/v2\/types\/post"}],"author":[{"embeddable":true,"href":"https:\/\/politicosaldesnudo.com.mx\/index.php\/wp-json\/wp\/v2\/users\/4"}],"replies":[{"embeddable":true,"href":"https:\/\/politicosaldesnudo.com.mx\/index.php\/wp-json\/wp\/v2\/comments?post=46512"}],"version-history":[{"count":0,"href":"https:\/\/politicosaldesnudo.com.mx\/index.php\/wp-json\/wp\/v2\/posts\/46512\/revisions"}],"wp:featuredmedia":[{"embeddable":true,"href":"https:\/\/politicosaldesnudo.com.mx\/index.php\/wp-json\/wp\/v2\/media\/46513"}],"wp:attachment":[{"href":"https:\/\/politicosaldesnudo.com.mx\/index.php\/wp-json\/wp\/v2\/media?parent=46512"}],"wp:term":[{"taxonomy":"category","embeddable":true,"href":"https:\/\/politicosaldesnudo.com.mx\/index.php\/wp-json\/wp\/v2\/categories?post=46512"},{"taxonomy":"post_tag","embeddable":true,"href":"https:\/\/politicosaldesnudo.com.mx\/index.php\/wp-json\/wp\/v2\/tags?post=46512"}],"curies":[{"name":"wp","href":"https:\/\/api.w.org\/{rel}","templated":true}]}}