{"id":46602,"date":"2024-09-18T23:26:43","date_gmt":"2024-09-19T04:26:43","guid":{"rendered":"https:\/\/politicosaldesnudo.com.mx\/?p=46602"},"modified":"2024-09-18T23:26:43","modified_gmt":"2024-09-19T04:26:43","slug":"se-brinda-asesoria-gratuita-sobre-el-testamento-en-el-parque-reforma","status":"publish","type":"post","link":"https:\/\/politicosaldesnudo.com.mx\/index.php\/2024\/09\/18\/se-brinda-asesoria-gratuita-sobre-el-testamento-en-el-parque-reforma\/","title":{"rendered":"Se brinda asesor\u00eda gratuita sobre el testamento, en el Parque Reforma"},"content":{"rendered":"<p><span style=\"font-size: 14pt;\">Personal del Registro P\u00fablico de la Propiedad y el Comercio y notarios p\u00fablicos de la ciudad est\u00e1n brindando asesor\u00edas gratuitas a la ciudadan\u00eda, sobre los requisitos y los beneficios de realizar el testamento universal, como parte del programa \u201cSeptiembre, mes del testamento\u201d.<\/span><\/p>\n<p><span style=\"font-size: 14pt;\">Este programa es una oportunidad para que las personas realicen dicho tr\u00e1mite a un costo mucho m\u00e1s bajo de lo que se cobra generalmente, y les permite dejar establecidos sus bienes de manera legal y ordenada al momento de su fallecimiento.<\/span><\/p>\n<p><span style=\"font-size: 14pt;\">Las mesas de asesor\u00eda est\u00e1n instaladas en el Parque Reforma y se atender\u00e1 a la ciudadan\u00eda hasta las 13:00 horas.<\/span><\/p>\n","protected":false},"excerpt":{"rendered":"<p>Personal del Registro P\u00fablico de la Propiedad y el Comercio y notarios p\u00fablicos de la ciudad est\u00e1n brindando asesor\u00edas gratuitas<\/p>\n","protected":false},"author":4,"featured_media":46603,"comment_status":"closed","ping_status":"closed","sticky":false,"template":"","format":"standard","meta":{"colormag_page_container_layout":"default_layout","colormag_page_sidebar_layout":"default_layout","_jetpack_memberships_contains_paid_content":false,"footnotes":"","jetpack_publicize_message":"","jetpack_publicize_feature_enabled":true,"jetpack_social_post_already_shared":false,"jetpack_social_options":{"image_generator_settings":{"template":"highway","default_image_id":0,"font":"","enabled":false},"version":2}},"categories":[3205,1082],"tags":[],"class_list":["post-46602","post","type-post","status-publish","format-standard","has-post-thumbnail","hentry","category-gobierno-tuxpan","category-tuxpan"],"jetpack_publicize_connections":[],"jetpack_featured_media_url":"https:\/\/i0.wp.com\/politicosaldesnudo.com.mx\/wp-content\/uploads\/2024\/09\/ebad7912-f111-4462-a4cc-68332ada3a7a.jpg?fit=1600%2C1064&ssl=1","jetpack-related-posts":[],"jetpack_sharing_enabled":true,"_links":{"self":[{"href":"https:\/\/politicosaldesnudo.com.mx\/index.php\/wp-json\/wp\/v2\/posts\/46602","targetHints":{"allow":["GET"]}}],"collection":[{"href":"https:\/\/politicosaldesnudo.com.mx\/index.php\/wp-json\/wp\/v2\/posts"}],"about":[{"href":"https:\/\/politicosaldesnudo.com.mx\/index.php\/wp-json\/wp\/v2\/types\/post"}],"author":[{"embeddable":true,"href":"https:\/\/politicosaldesnudo.com.mx\/index.php\/wp-json\/wp\/v2\/users\/4"}],"replies":[{"embeddable":true,"href":"https:\/\/politicosaldesnudo.com.mx\/index.php\/wp-json\/wp\/v2\/comments?post=46602"}],"version-history":[{"count":0,"href":"https:\/\/politicosaldesnudo.com.mx\/index.php\/wp-json\/wp\/v2\/posts\/46602\/revisions"}],"wp:featuredmedia":[{"embeddable":true,"href":"https:\/\/politicosaldesnudo.com.mx\/index.php\/wp-json\/wp\/v2\/media\/46603"}],"wp:attachment":[{"href":"https:\/\/politicosaldesnudo.com.mx\/index.php\/wp-json\/wp\/v2\/media?parent=46602"}],"wp:term":[{"taxonomy":"category","embeddable":true,"href":"https:\/\/politicosaldesnudo.com.mx\/index.php\/wp-json\/wp\/v2\/categories?post=46602"},{"taxonomy":"post_tag","embeddable":true,"href":"https:\/\/politicosaldesnudo.com.mx\/index.php\/wp-json\/wp\/v2\/tags?post=46602"}],"curies":[{"name":"wp","href":"https:\/\/api.w.org\/{rel}","templated":true}]}}