{"id":46754,"date":"2024-09-21T00:08:31","date_gmt":"2024-09-21T05:08:31","guid":{"rendered":"https:\/\/politicosaldesnudo.com.mx\/?p=46754"},"modified":"2024-09-20T23:20:24","modified_gmt":"2024-09-21T04:20:24","slug":"moodys-ajusta-perspectiva-de-peru-a-estable-desde-negativa","status":"publish","type":"post","link":"https:\/\/politicosaldesnudo.com.mx\/index.php\/2024\/09\/21\/moodys-ajusta-perspectiva-de-peru-a-estable-desde-negativa\/","title":{"rendered":"Moody&#8217;s ajusta perspectiva de Per\u00fa a \u00abestable\u00bb desde \u00abnegativa\u00bb"},"content":{"rendered":"<div>\n<p><span style=\"font-size: 14pt;\">La agencia calificadora dijo este viernes que mantuvo la calificaci\u00f3n de deuda del pa\u00eds sudamericano en moneda extranjera y local en \u00abBAA1\u00bb.<\/span><\/p>\n<\/div>\n<div>\n<div>\n<div><span style=\"font-size: 14pt;\">La agencia Moody&#8217;s\u00a0dijo el viernes que cambi\u00f3 la perspectiva de la calificaci\u00f3n de deuda de Per\u00fa a \u00abestable\u00bb desde \u00abnegativa\u00bb, se\u00f1alando que la adopci\u00f3n de reformas pol\u00edticas alivia las preocupaciones sobre la estabilidad institucional a mediano plazo.<\/span><\/div>\n<\/div>\n<div>\n<div id=\"readNote\">\n<div>\n<p><span style=\"font-size: 14pt;\">En un comunicado,\u00a0Moody&#8217;s\u00a0dijo que mantuvo la calificaci\u00f3n de\u00a0deuda del pa\u00eds sudamericano\u00a0en moneda extranjera y local en \u00abBAA1\u00bb. Tambi\u00e9n confirm\u00f3 la calificaci\u00f3n de la deuda senior no garantizada en moneda extranjera en \u00ab(P)Baa1\u00bb, y el programa de bonos de dep\u00f3sito en moneda local en \u00abBaa1\u00bb.<\/span><\/p>\n<\/div>\n<\/div>\n<\/div>\n<\/div>\n","protected":false},"excerpt":{"rendered":"<p>La agencia calificadora dijo este viernes que mantuvo la calificaci\u00f3n de deuda del pa\u00eds sudamericano en moneda extranjera y local<\/p>\n","protected":false},"author":4,"featured_media":46755,"comment_status":"closed","ping_status":"closed","sticky":false,"template":"","format":"standard","meta":{"colormag_page_container_layout":"default_layout","colormag_page_sidebar_layout":"default_layout","_jetpack_memberships_contains_paid_content":false,"footnotes":"","jetpack_publicize_message":"","jetpack_publicize_feature_enabled":true,"jetpack_social_post_already_shared":false,"jetpack_social_options":{"image_generator_settings":{"template":"highway","default_image_id":0,"font":"","enabled":false},"version":2}},"categories":[2050],"tags":[],"class_list":["post-46754","post","type-post","status-publish","format-standard","has-post-thumbnail","hentry","category-economia"],"jetpack_publicize_connections":[],"jetpack_featured_media_url":"https:\/\/i0.wp.com\/politicosaldesnudo.com.mx\/wp-content\/uploads\/2024\/09\/moodys-reuters.jpg_1016220753.jpg?fit=1200%2C801&ssl=1","jetpack-related-posts":[],"jetpack_sharing_enabled":true,"_links":{"self":[{"href":"https:\/\/politicosaldesnudo.com.mx\/index.php\/wp-json\/wp\/v2\/posts\/46754","targetHints":{"allow":["GET"]}}],"collection":[{"href":"https:\/\/politicosaldesnudo.com.mx\/index.php\/wp-json\/wp\/v2\/posts"}],"about":[{"href":"https:\/\/politicosaldesnudo.com.mx\/index.php\/wp-json\/wp\/v2\/types\/post"}],"author":[{"embeddable":true,"href":"https:\/\/politicosaldesnudo.com.mx\/index.php\/wp-json\/wp\/v2\/users\/4"}],"replies":[{"embeddable":true,"href":"https:\/\/politicosaldesnudo.com.mx\/index.php\/wp-json\/wp\/v2\/comments?post=46754"}],"version-history":[{"count":0,"href":"https:\/\/politicosaldesnudo.com.mx\/index.php\/wp-json\/wp\/v2\/posts\/46754\/revisions"}],"wp:featuredmedia":[{"embeddable":true,"href":"https:\/\/politicosaldesnudo.com.mx\/index.php\/wp-json\/wp\/v2\/media\/46755"}],"wp:attachment":[{"href":"https:\/\/politicosaldesnudo.com.mx\/index.php\/wp-json\/wp\/v2\/media?parent=46754"}],"wp:term":[{"taxonomy":"category","embeddable":true,"href":"https:\/\/politicosaldesnudo.com.mx\/index.php\/wp-json\/wp\/v2\/categories?post=46754"},{"taxonomy":"post_tag","embeddable":true,"href":"https:\/\/politicosaldesnudo.com.mx\/index.php\/wp-json\/wp\/v2\/tags?post=46754"}],"curies":[{"name":"wp","href":"https:\/\/api.w.org\/{rel}","templated":true}]}}