{"id":46757,"date":"2024-09-21T00:09:33","date_gmt":"2024-09-21T05:09:33","guid":{"rendered":"https:\/\/politicosaldesnudo.com.mx\/?p=46757"},"modified":"2024-09-20T23:22:07","modified_gmt":"2024-09-21T04:22:07","slug":"la-mitad-del-presupuesto-para-transicion-energetica-y-cambio-climatico-se-destinara-al-tren-maya","status":"publish","type":"post","link":"https:\/\/politicosaldesnudo.com.mx\/index.php\/2024\/09\/21\/la-mitad-del-presupuesto-para-transicion-energetica-y-cambio-climatico-se-destinara-al-tren-maya\/","title":{"rendered":"La mitad del presupuesto para transici\u00f3n energ\u00e9tica y cambio clim\u00e1tico se destinar\u00e1 al Tren Maya"},"content":{"rendered":"<div>\n<p><span style=\"font-size: 14pt;\">El Centro de Investigaci\u00f3n Econ\u00f3mica y Presupuestaria\u00a0se\u00f1ala que es crucial que las pol\u00edticas energ\u00e9ticas y ambientales vayan de la mano con una asignaci\u00f3n eficiente del presupuesto.<\/span><\/p>\n<\/div>\n<div>\n<div>\n<div><span style=\"font-size: 14pt;\">La mitad del presupuesto que fue aprobado este a\u00f1o para la transici\u00f3n energ\u00e9tica y cambio clim\u00e1tico ser\u00e1 destinado al Tren Maya, destac\u00f3 el\u00a0Centro de Investigaci\u00f3n Econ\u00f3mica y Presupuestaria\u00a0(CIEP).<\/span><\/div>\n<\/div>\n<div>\n<div id=\"readNote\">\n<div>\n<p><span style=\"font-size: 14pt;\">En un an\u00e1lisis, la organizaci\u00f3n civil record\u00f3 que los recursos que fueron aprobados para este a\u00f1o a la\u00a0transici\u00f3n energ\u00e9tica\u00a0y cambio clim\u00e1tico suman 243,704 millones de pesos.<\/span><\/p>\n<\/div>\n<\/div>\n<\/div>\n<\/div>\n","protected":false},"excerpt":{"rendered":"<p>El Centro de Investigaci\u00f3n Econ\u00f3mica y Presupuestaria\u00a0se\u00f1ala que es crucial que las pol\u00edticas energ\u00e9ticas y ambientales vayan de la mano<\/p>\n","protected":false},"author":4,"featured_media":46758,"comment_status":"closed","ping_status":"closed","sticky":false,"template":"","format":"standard","meta":{"colormag_page_container_layout":"default_layout","colormag_page_sidebar_layout":"default_layout","_jetpack_memberships_contains_paid_content":false,"footnotes":"","jetpack_publicize_message":"","jetpack_publicize_feature_enabled":true,"jetpack_social_post_already_shared":false,"jetpack_social_options":{"image_generator_settings":{"template":"highway","default_image_id":0,"font":"","enabled":false},"version":2}},"categories":[2050],"tags":[],"class_list":["post-46757","post","type-post","status-publish","format-standard","has-post-thumbnail","hentry","category-economia"],"jetpack_publicize_connections":[],"jetpack_featured_media_url":"https:\/\/i0.wp.com\/politicosaldesnudo.com.mx\/wp-content\/uploads\/2024\/09\/tren_maya_reuters_x2x.jpg_270939306.jpg?fit=1200%2C750&ssl=1","jetpack-related-posts":[],"jetpack_sharing_enabled":true,"_links":{"self":[{"href":"https:\/\/politicosaldesnudo.com.mx\/index.php\/wp-json\/wp\/v2\/posts\/46757","targetHints":{"allow":["GET"]}}],"collection":[{"href":"https:\/\/politicosaldesnudo.com.mx\/index.php\/wp-json\/wp\/v2\/posts"}],"about":[{"href":"https:\/\/politicosaldesnudo.com.mx\/index.php\/wp-json\/wp\/v2\/types\/post"}],"author":[{"embeddable":true,"href":"https:\/\/politicosaldesnudo.com.mx\/index.php\/wp-json\/wp\/v2\/users\/4"}],"replies":[{"embeddable":true,"href":"https:\/\/politicosaldesnudo.com.mx\/index.php\/wp-json\/wp\/v2\/comments?post=46757"}],"version-history":[{"count":0,"href":"https:\/\/politicosaldesnudo.com.mx\/index.php\/wp-json\/wp\/v2\/posts\/46757\/revisions"}],"wp:featuredmedia":[{"embeddable":true,"href":"https:\/\/politicosaldesnudo.com.mx\/index.php\/wp-json\/wp\/v2\/media\/46758"}],"wp:attachment":[{"href":"https:\/\/politicosaldesnudo.com.mx\/index.php\/wp-json\/wp\/v2\/media?parent=46757"}],"wp:term":[{"taxonomy":"category","embeddable":true,"href":"https:\/\/politicosaldesnudo.com.mx\/index.php\/wp-json\/wp\/v2\/categories?post=46757"},{"taxonomy":"post_tag","embeddable":true,"href":"https:\/\/politicosaldesnudo.com.mx\/index.php\/wp-json\/wp\/v2\/tags?post=46757"}],"curies":[{"name":"wp","href":"https:\/\/api.w.org\/{rel}","templated":true}]}}