{"id":46763,"date":"2024-09-21T00:11:04","date_gmt":"2024-09-21T05:11:04","guid":{"rendered":"https:\/\/politicosaldesnudo.com.mx\/?p=46763"},"modified":"2024-09-20T23:30:07","modified_gmt":"2024-09-21T04:30:07","slug":"el-43-de-la-poblacion-mexicana-padece-desnutricion-hospitalaria-pisa-farmaceutica","status":"publish","type":"post","link":"https:\/\/politicosaldesnudo.com.mx\/index.php\/2024\/09\/21\/el-43-de-la-poblacion-mexicana-padece-desnutricion-hospitalaria-pisa-farmaceutica\/","title":{"rendered":"El 43% de la poblaci\u00f3n mexicana padece desnutrici\u00f3n hospitalaria: Pisa Farmac\u00e9utica"},"content":{"rendered":"<p><span style=\"font-size: 14pt;\">La desnutrici\u00f3n es un estado agudo, subagudo o cr\u00f3nico caracterizado por la insuficiencia de nutrientes necesarios para satisfacer al organismo, lo que conlleva cambios en la composici\u00f3n corporal, como la disminuci\u00f3n del compartimento graso y\/o muscular, afectando la capacidad del cuerpo para responder ante una enfermedad, as\u00ed como en su tratamiento.<\/span><\/p>\n<p><span style=\"font-size: 14pt;\">Si bien la desnutrici\u00f3n en t\u00e9rminos generales trae consigo graves consecuencias para la salud, de acuerdo con la Dra. Cynthia Vega Director de Relaciones Medicas de PiSA Farmac\u00e9utica, es en los pacientes hospitalizados donde el padecimiento puede complicarse debido a factores como la baja ingesta de alimento, la inadecuaci\u00f3n nutricia y la presencia de m\u00faltiples comorbilidades, incluso el estr\u00e9s de estar en un ambiente hospitalario.<\/span><\/p>\n","protected":false},"excerpt":{"rendered":"<p>La desnutrici\u00f3n es un estado agudo, subagudo o cr\u00f3nico caracterizado por la insuficiencia de nutrientes necesarios para satisfacer al organismo,<\/p>\n","protected":false},"author":4,"featured_media":46764,"comment_status":"closed","ping_status":"closed","sticky":false,"template":"","format":"standard","meta":{"colormag_page_container_layout":"default_layout","colormag_page_sidebar_layout":"default_layout","_jetpack_memberships_contains_paid_content":false,"footnotes":"","jetpack_publicize_message":"","jetpack_publicize_feature_enabled":true,"jetpack_social_post_already_shared":false,"jetpack_social_options":{"image_generator_settings":{"template":"highway","default_image_id":0,"font":"","enabled":false},"version":2}},"categories":[33],"tags":[],"class_list":["post-46763","post","type-post","status-publish","format-standard","has-post-thumbnail","hentry","category-nacional"],"jetpack_publicize_connections":[],"jetpack_featured_media_url":"https:\/\/i0.wp.com\/politicosaldesnudo.com.mx\/wp-content\/uploads\/2024\/09\/denutricion-mexicanos.jpg?fit=768%2C479&ssl=1","jetpack-related-posts":[],"jetpack_sharing_enabled":true,"_links":{"self":[{"href":"https:\/\/politicosaldesnudo.com.mx\/index.php\/wp-json\/wp\/v2\/posts\/46763","targetHints":{"allow":["GET"]}}],"collection":[{"href":"https:\/\/politicosaldesnudo.com.mx\/index.php\/wp-json\/wp\/v2\/posts"}],"about":[{"href":"https:\/\/politicosaldesnudo.com.mx\/index.php\/wp-json\/wp\/v2\/types\/post"}],"author":[{"embeddable":true,"href":"https:\/\/politicosaldesnudo.com.mx\/index.php\/wp-json\/wp\/v2\/users\/4"}],"replies":[{"embeddable":true,"href":"https:\/\/politicosaldesnudo.com.mx\/index.php\/wp-json\/wp\/v2\/comments?post=46763"}],"version-history":[{"count":0,"href":"https:\/\/politicosaldesnudo.com.mx\/index.php\/wp-json\/wp\/v2\/posts\/46763\/revisions"}],"wp:featuredmedia":[{"embeddable":true,"href":"https:\/\/politicosaldesnudo.com.mx\/index.php\/wp-json\/wp\/v2\/media\/46764"}],"wp:attachment":[{"href":"https:\/\/politicosaldesnudo.com.mx\/index.php\/wp-json\/wp\/v2\/media?parent=46763"}],"wp:term":[{"taxonomy":"category","embeddable":true,"href":"https:\/\/politicosaldesnudo.com.mx\/index.php\/wp-json\/wp\/v2\/categories?post=46763"},{"taxonomy":"post_tag","embeddable":true,"href":"https:\/\/politicosaldesnudo.com.mx\/index.php\/wp-json\/wp\/v2\/tags?post=46763"}],"curies":[{"name":"wp","href":"https:\/\/api.w.org\/{rel}","templated":true}]}}