{"id":4677,"date":"2022-05-02T22:16:43","date_gmt":"2022-05-03T03:16:43","guid":{"rendered":"https:\/\/politicosaldesnudo.com.mx\/?p=4677"},"modified":"2022-05-02T22:17:03","modified_gmt":"2022-05-03T03:17:03","slug":"muestra-de-arte-colectiva-en-banxico","status":"publish","type":"post","link":"https:\/\/politicosaldesnudo.com.mx\/index.php\/2022\/05\/02\/muestra-de-arte-colectiva-en-banxico\/","title":{"rendered":"Muestra de arte colectiva en Banxico"},"content":{"rendered":"<p><span style=\"font-size: 14pt;\"><em><strong>Ciudad de M\u00e9xico.<\/strong> <\/em>Esta exposici\u00f3n es parte del programa que tiene como objetivo vincular al visitante con <strong>la labor cultural del Banco de M\u00e9xico<\/strong> y <strong>destacar la relaci\u00f3n entre la educaci\u00f3n financiera con la cultura nacional e internacional.<\/strong><\/span><\/p>\n<p><strong><span style=\"font-size: 14pt;\">Arte\/Billete\/Maculatura\/<wbr \/>Refines\/Dise\u00f1o, es el pretexto pl\u00e1stico que expone el Banco de M\u00e9xico como parte de sus actividades culturales. Bajo el t\u00edtulo Po\u00e9ticas pict\u00f3ricas a la distancia se exhibe el trabajo de 41 artistas mexicanos.<\/span><\/strong><\/p>\n<p><span style=\"font-size: 14pt;\">La calidad de las piezas es s\u00f3lo parte del programa que tiene como objetivo vincular al visitante con la labor cultural de Banco de M\u00e9xico con el objetivo de destacar la relaci\u00f3n entre la educaci\u00f3n financiera y la cultura nacional e internacional.<\/span><\/p>\n<blockquote><p><span style=\"font-size: 14pt;\">La propuesta se basa en la reflexi\u00f3n de los creadores frente a la pandemia, ponderando \u201cla intenci\u00f3n de ofrecer visiones diferentes frente al contexto actual, el arte como v\u00eda para procesar y transformar lo acontecido\u00bb.<\/span><\/p><\/blockquote>\n<p>&nbsp;<\/p>\n<p><img data-recalc-dims=\"1\" loading=\"lazy\" decoding=\"async\" class=\"aligncenter wp-image-2693 size-full\" src=\"https:\/\/i0.wp.com\/politicosaldesnudoqroo.com.mx\/wp-content\/uploads\/2022\/05\/FRyYUHVVsAArixI.jpeg?resize=800%2C400\" alt=\"\" width=\"800\" height=\"400\" \/><\/p>\n<p>&nbsp;<\/p>\n<p><strong><span style=\"font-size: 18pt;\">CREATIVIDAD<\/span><\/strong><\/p>\n<p><span style=\"font-size: 14pt;\"><strong>Con tem\u00e1tica y t\u00e9cnica libres, los artistas visuales mexicano se valieron de diferentes herramientas para expresar su sentir por un trayecto inevitable que va de lo creativo<\/strong> a lo mercantil, en el bello escenario del Edificio del banco de M\u00e9xico, donde la arquitectura y la iluminaci\u00f3n propia del inmueble, forman parte de esta muestra pl\u00e1stica que debe verse y disfrutarse.<\/span><\/p>\n<p><span style=\"font-size: 14pt;\">utilizaron los bastidores, los refines y maculatura de billetes de 200 y 500 pesos de la Familia G.<\/span><\/p>\n<p><strong><span style=\"font-size: 14pt;\">\u00a0\u201cCartograf\u00edas de los afectos\u201d. Se refiere a registros de viajes que abordan el desplazamiento y relaci\u00f3n con los espacios geogr\u00e1ficos.<\/span><\/strong><\/p>\n<p><span style=\"font-size: 14pt;\">\u201cTerritorio f\u00e9rtil\u201d. Aqu\u00ed se han reunido paisajes figurativos y abstractos, donde la naturaleza es la protagonista, y el v\u00ednculo de los seres humanos con ella. Habr\u00e1 que resaltar el manejo de las formas, la textura, el ritmo, el entretejido del concepto pl\u00e1stico de lo abstracto que refresca la panor\u00e1mica visual de lo que realizado \u00faltimamente en este estilo y formato<\/span><\/p>\n<p><strong><span style=\"font-size: 14pt;\">\u201cNarrativas l\u00fadicas\u201d. Aborda la relaci\u00f3n de las personas con el juego, la posibilidad de reforzar v\u00ednculos colectivos.<\/span><\/strong><\/p>\n<p><span style=\"font-size: 14pt;\">\u201cReflejos identitarios\u201d. Re\u00fane obras que reflexionan sobre los<\/span><\/p>\n<p><span style=\"font-size: 14pt;\">Entre los artistas invitados a esta importante muestra pl\u00e1stica est\u00e1n: Gilda Castillo, Rafael C\u00e1zares, Teresa Cito, Renata Garlero, Javier Manrique, Aurora Nore\u00f1a, Maribel Portela, Coral Revueltas, Armando Romero, Pablo Rulfo, Nunik Sauret, Paloma Torres.<\/span><\/p>\n<p><strong><span style=\"font-size: 14pt;\">La exposici\u00f3n puede apreciarse en el Mezanine del museo, calle 5 de mayo, Centro Hist\u00f3rico. Permanecer\u00e1 abierta hasta el 26 de junio del 2022. Debe admirarla.<\/span><\/strong><\/p>\n<p>&nbsp;<\/p>\n<p>&nbsp;<\/p>\n<p>&nbsp;<\/p>\n<p>&nbsp;<\/p>\n","protected":false},"excerpt":{"rendered":"<p>Ciudad de M\u00e9xico. Esta exposici\u00f3n es parte del programa que tiene como objetivo vincular al visitante con la labor cultural<\/p>\n","protected":false},"author":4,"featured_media":4678,"comment_status":"closed","ping_status":"closed","sticky":false,"template":"","format":"standard","meta":{"colormag_page_container_layout":"default_layout","colormag_page_sidebar_layout":"default_layout","_jetpack_memberships_contains_paid_content":false,"footnotes":"","jetpack_publicize_message":"","jetpack_publicize_feature_enabled":true,"jetpack_social_post_already_shared":false,"jetpack_social_options":{"image_generator_settings":{"template":"highway","default_image_id":0,"font":"","enabled":false},"version":2}},"categories":[474],"tags":[48],"class_list":["post-4677","post","type-post","status-publish","format-standard","has-post-thumbnail","hentry","category-cultura","tag-banxico"],"jetpack_publicize_connections":[],"jetpack_featured_media_url":"https:\/\/i0.wp.com\/politicosaldesnudo.com.mx\/wp-content\/uploads\/2022\/05\/FPmw4pcUcAAJg9E.jpeg?fit=1024%2C512&ssl=1","jetpack-related-posts":[],"jetpack_sharing_enabled":true,"_links":{"self":[{"href":"https:\/\/politicosaldesnudo.com.mx\/index.php\/wp-json\/wp\/v2\/posts\/4677","targetHints":{"allow":["GET"]}}],"collection":[{"href":"https:\/\/politicosaldesnudo.com.mx\/index.php\/wp-json\/wp\/v2\/posts"}],"about":[{"href":"https:\/\/politicosaldesnudo.com.mx\/index.php\/wp-json\/wp\/v2\/types\/post"}],"author":[{"embeddable":true,"href":"https:\/\/politicosaldesnudo.com.mx\/index.php\/wp-json\/wp\/v2\/users\/4"}],"replies":[{"embeddable":true,"href":"https:\/\/politicosaldesnudo.com.mx\/index.php\/wp-json\/wp\/v2\/comments?post=4677"}],"version-history":[{"count":0,"href":"https:\/\/politicosaldesnudo.com.mx\/index.php\/wp-json\/wp\/v2\/posts\/4677\/revisions"}],"wp:featuredmedia":[{"embeddable":true,"href":"https:\/\/politicosaldesnudo.com.mx\/index.php\/wp-json\/wp\/v2\/media\/4678"}],"wp:attachment":[{"href":"https:\/\/politicosaldesnudo.com.mx\/index.php\/wp-json\/wp\/v2\/media?parent=4677"}],"wp:term":[{"taxonomy":"category","embeddable":true,"href":"https:\/\/politicosaldesnudo.com.mx\/index.php\/wp-json\/wp\/v2\/categories?post=4677"},{"taxonomy":"post_tag","embeddable":true,"href":"https:\/\/politicosaldesnudo.com.mx\/index.php\/wp-json\/wp\/v2\/tags?post=4677"}],"curies":[{"name":"wp","href":"https:\/\/api.w.org\/{rel}","templated":true}]}}