{"id":46787,"date":"2024-09-22T00:02:18","date_gmt":"2024-09-22T05:02:18","guid":{"rendered":"https:\/\/politicosaldesnudo.com.mx\/?p=46787"},"modified":"2024-09-21T23:51:18","modified_gmt":"2024-09-22T04:51:18","slug":"persistira-clima-caluroso-en-veracruz","status":"publish","type":"post","link":"https:\/\/politicosaldesnudo.com.mx\/index.php\/2024\/09\/22\/persistira-clima-caluroso-en-veracruz\/","title":{"rendered":"Persistir\u00e1 clima caluroso en Veracruz"},"content":{"rendered":"<p><span style=\"font-size: 14pt;\">De acuerdo al Informe Meteorol\u00f3gico de la Secretar\u00eda de Protecci\u00f3n Civil de Veracruz se prev\u00e9 que en las pr\u00f3ximas 24 horas la probabilidad mayor de lluvias y tormentas se concentrar\u00e1 en regiones monta\u00f1osas y zona sur de nuestro estado con los acumulados m\u00e1s altos en esta \u00faltima, persistiendo el ambiente caluroso al mediod\u00eda y primeras horas de la tarde, mientras que el viento dominante ser\u00e1 del Sureste, Este, Noreste y Norte de 20 a 35 km\/h en costas con rachas en \u00e1reas de tormenta.\u00a0<\/span><\/p>\n<p><span style=\"font-size: 14pt;\">En tanto en la zona norte se espera un clima despejado a medio nublado por la ma\u00f1ana, aumentando los nublados por la tarde-noche y madrugada con probabilidad de lluvias y tormentas aisladas. Acumulados estimados de 5-20 mm, especialmente en regiones monta\u00f1osas. Viento dominante del Noreste y Este de 20 a 35 km\/h en la costa con rachas en \u00e1reas de tormenta. Condiciones para nieblas o neblinas. La intensidad del calor con poco cambio en comparaci\u00f3n al d\u00eda de ayer, ambiente templado a fresco por la noche a madrugada.\u00a0<\/span><\/p>\n<p><span style=\"font-size: 14pt;\">Finalmente los modelos de pron\u00f3stico indican para los siguientes siete d\u00edas temperatura media superior al promedio y lluvia acumulada menor o igual a lo normal del norte al centro e igual o mayor en la zona sur. Por otra parte, los modelos clim\u00e1ticos indican un septiembre con ambiente m\u00e1s caluroso de lo normal y lluvia acumulada igual o superior al promedio.<\/span><\/p>\n","protected":false},"excerpt":{"rendered":"<p>De acuerdo al Informe Meteorol\u00f3gico de la Secretar\u00eda de Protecci\u00f3n Civil de Veracruz se prev\u00e9 que en las pr\u00f3ximas 24<\/p>\n","protected":false},"author":4,"featured_media":46788,"comment_status":"closed","ping_status":"closed","sticky":false,"template":"","format":"standard","meta":{"colormag_page_container_layout":"default_layout","colormag_page_sidebar_layout":"default_layout","_jetpack_memberships_contains_paid_content":false,"footnotes":"","jetpack_publicize_message":"","jetpack_publicize_feature_enabled":true,"jetpack_social_post_already_shared":false,"jetpack_social_options":{"image_generator_settings":{"template":"highway","default_image_id":0,"font":"","enabled":false},"version":2}},"categories":[1082],"tags":[],"class_list":["post-46787","post","type-post","status-publish","format-standard","has-post-thumbnail","hentry","category-tuxpan"],"jetpack_publicize_connections":[],"jetpack_featured_media_url":"https:\/\/i0.wp.com\/politicosaldesnudo.com.mx\/wp-content\/uploads\/2024\/09\/persistira-clima-caluroso-en-veracruz-552948.jpeg?fit=800%2C600&ssl=1","jetpack-related-posts":[],"jetpack_sharing_enabled":true,"_links":{"self":[{"href":"https:\/\/politicosaldesnudo.com.mx\/index.php\/wp-json\/wp\/v2\/posts\/46787","targetHints":{"allow":["GET"]}}],"collection":[{"href":"https:\/\/politicosaldesnudo.com.mx\/index.php\/wp-json\/wp\/v2\/posts"}],"about":[{"href":"https:\/\/politicosaldesnudo.com.mx\/index.php\/wp-json\/wp\/v2\/types\/post"}],"author":[{"embeddable":true,"href":"https:\/\/politicosaldesnudo.com.mx\/index.php\/wp-json\/wp\/v2\/users\/4"}],"replies":[{"embeddable":true,"href":"https:\/\/politicosaldesnudo.com.mx\/index.php\/wp-json\/wp\/v2\/comments?post=46787"}],"version-history":[{"count":0,"href":"https:\/\/politicosaldesnudo.com.mx\/index.php\/wp-json\/wp\/v2\/posts\/46787\/revisions"}],"wp:featuredmedia":[{"embeddable":true,"href":"https:\/\/politicosaldesnudo.com.mx\/index.php\/wp-json\/wp\/v2\/media\/46788"}],"wp:attachment":[{"href":"https:\/\/politicosaldesnudo.com.mx\/index.php\/wp-json\/wp\/v2\/media?parent=46787"}],"wp:term":[{"taxonomy":"category","embeddable":true,"href":"https:\/\/politicosaldesnudo.com.mx\/index.php\/wp-json\/wp\/v2\/categories?post=46787"},{"taxonomy":"post_tag","embeddable":true,"href":"https:\/\/politicosaldesnudo.com.mx\/index.php\/wp-json\/wp\/v2\/tags?post=46787"}],"curies":[{"name":"wp","href":"https:\/\/api.w.org\/{rel}","templated":true}]}}