{"id":46823,"date":"2024-09-22T00:48:43","date_gmt":"2024-09-22T05:48:43","guid":{"rendered":"https:\/\/politicosaldesnudo.com.mx\/?p=46823"},"modified":"2024-09-22T00:48:43","modified_gmt":"2024-09-22T05:48:43","slug":"mexico-con-el-reto-de-fortalecer-su-industria-de-moldes-y-herramentales","status":"publish","type":"post","link":"https:\/\/politicosaldesnudo.com.mx\/index.php\/2024\/09\/22\/mexico-con-el-reto-de-fortalecer-su-industria-de-moldes-y-herramentales\/","title":{"rendered":"M\u00e9xico, con el reto de fortalecer su industria de moldes y herramentales"},"content":{"rendered":"<div>\n<p><span style=\"font-size: 14pt;\">Exhibir\u00e1n en Quer\u00e9taro tendencias de la industria de moldes y herramentales<\/span><\/p>\n<\/div>\n<div>\n<div>\n<div><span style=\"font-size: 14pt;\">El pa\u00eds tiene el reto de fortalecer y desarrollar su industria nacional de moldes y herramentales, con el prop\u00f3sito de atender el aumento en la demanda del mercado mexicano, coincidieron especialistas en el ramo, al anunciar la quinta edici\u00f3n de Meximold, exposici\u00f3n que se realizar\u00e1 el 9 y 10 de octubre en Quer\u00e9taro.<\/span><\/div>\n<\/div>\n<div>\n<div id=\"readNote\">\n<div>\n<p><span style=\"font-size: 14pt;\">Una de las limitantes para el desarrollo de la industria nacional de herramentales es el costo del acero, destac\u00f3 el presidente del\u00a0Cl\u00faster de Pl\u00e1sticos de Quer\u00e9taro, Arturo Nava.<\/span><\/p>\n<\/div>\n<\/div>\n<\/div>\n<\/div>\n","protected":false},"excerpt":{"rendered":"<p>Exhibir\u00e1n en Quer\u00e9taro tendencias de la industria de moldes y herramentales El pa\u00eds tiene el reto de fortalecer y desarrollar<\/p>\n","protected":false},"author":4,"featured_media":46824,"comment_status":"closed","ping_status":"closed","sticky":false,"template":"","format":"standard","meta":{"colormag_page_container_layout":"default_layout","colormag_page_sidebar_layout":"default_layout","_jetpack_memberships_contains_paid_content":false,"footnotes":"","jetpack_publicize_message":"","jetpack_publicize_feature_enabled":true,"jetpack_social_post_already_shared":false,"jetpack_social_options":{"image_generator_settings":{"template":"highway","default_image_id":0,"font":"","enabled":false},"version":2}},"categories":[30],"tags":[],"class_list":["post-46823","post","type-post","status-publish","format-standard","has-post-thumbnail","hentry","category-estados"],"jetpack_publicize_connections":[],"jetpack_featured_media_url":"https:\/\/i0.wp.com\/politicosaldesnudo.com.mx\/wp-content\/uploads\/2024\/09\/cluster_plasticos_queretaro_cortesia.jpg_554688468.jpg?fit=1200%2C675&ssl=1","jetpack-related-posts":[],"jetpack_sharing_enabled":true,"_links":{"self":[{"href":"https:\/\/politicosaldesnudo.com.mx\/index.php\/wp-json\/wp\/v2\/posts\/46823","targetHints":{"allow":["GET"]}}],"collection":[{"href":"https:\/\/politicosaldesnudo.com.mx\/index.php\/wp-json\/wp\/v2\/posts"}],"about":[{"href":"https:\/\/politicosaldesnudo.com.mx\/index.php\/wp-json\/wp\/v2\/types\/post"}],"author":[{"embeddable":true,"href":"https:\/\/politicosaldesnudo.com.mx\/index.php\/wp-json\/wp\/v2\/users\/4"}],"replies":[{"embeddable":true,"href":"https:\/\/politicosaldesnudo.com.mx\/index.php\/wp-json\/wp\/v2\/comments?post=46823"}],"version-history":[{"count":0,"href":"https:\/\/politicosaldesnudo.com.mx\/index.php\/wp-json\/wp\/v2\/posts\/46823\/revisions"}],"wp:featuredmedia":[{"embeddable":true,"href":"https:\/\/politicosaldesnudo.com.mx\/index.php\/wp-json\/wp\/v2\/media\/46824"}],"wp:attachment":[{"href":"https:\/\/politicosaldesnudo.com.mx\/index.php\/wp-json\/wp\/v2\/media?parent=46823"}],"wp:term":[{"taxonomy":"category","embeddable":true,"href":"https:\/\/politicosaldesnudo.com.mx\/index.php\/wp-json\/wp\/v2\/categories?post=46823"},{"taxonomy":"post_tag","embeddable":true,"href":"https:\/\/politicosaldesnudo.com.mx\/index.php\/wp-json\/wp\/v2\/tags?post=46823"}],"curies":[{"name":"wp","href":"https:\/\/api.w.org\/{rel}","templated":true}]}}