{"id":46895,"date":"2024-09-23T03:15:29","date_gmt":"2024-09-23T08:15:29","guid":{"rendered":"https:\/\/politicosaldesnudo.com.mx\/?p=46895"},"modified":"2024-09-22T23:48:07","modified_gmt":"2024-09-23T04:48:07","slug":"jefe-de-la-onu-dice-que-ni-hamas-ni-israel-estan-interesados-en-un-alto-el-fuego","status":"publish","type":"post","link":"https:\/\/politicosaldesnudo.com.mx\/index.php\/2024\/09\/23\/jefe-de-la-onu-dice-que-ni-hamas-ni-israel-estan-interesados-en-un-alto-el-fuego\/","title":{"rendered":"Jefe de la ONU dice que ni Hamas ni Israel est\u00e1n interesados en un alto el fuego"},"content":{"rendered":"<div>\n<div id=\"content-body-225-12595485\">\n<p><span style=\"font-size: 14pt;\">El\u00a0secretario general\u00a0de la Organizaci\u00f3n para las Naciones Unidas (ONU),\u00a0Antonio Guterres, afirm\u00f3\u00a0que est\u00e1 \u00abclaro\u00bb\u00a0que ni\u00a0Israel\u00a0ni\u00a0Hamas\u00a0est\u00e1n interesados en un alto el fuego\u00a0en la cruenta\u00a0guerra de Gaza.<\/span><\/p>\n<p><span style=\"font-size: 14pt;\">\u00abPara m\u00ed, est\u00e1 claro que ninguna de las partes est\u00e1 interesada en un alto el fuego. Y\u00a0eso es una tragedia, porque esta es una guerra que debe terminar\u00bb, dijo Guterres a la cadena estadounidense CNN, a\u00f1adiendo que \u00abni\u00a0el gobierno de\u00a0Israel ni Hamas quieren\u00a0realmente el\u00a0alto el fuego\u00bb.<\/span><\/p>\n<\/div>\n<\/div>\n<div>\n<div id=\"dfp-nota-1x3s\" data-google-query-id=\"CLvg842h2IgDFZzu9QIdJGkIdA\">\n<div id=\"google_ads_iframe_\/2000002\/la-prensa\/mexico_nota_1x3_0__container__\"><span style=\"font-size: 14pt;\">Adem\u00e1s, Antonio Guterres\u00a0advirti\u00f3 del riesgo de transformar L\u00edbano en \u00abotra Gaza\u00bb\u00a0a ra\u00edz de la escalada de las\u00a0hostilidades\u00a0entre\u00a0Israel\u00a0y\u00a0el grupo islamista proiran\u00ed\u00a0Hezbola.<\/span><\/div>\n<\/div>\n<\/div>\n<article>\n<div id=\"content-body-5851641-12595485\">\n<article>\n<div>\n<h4><span style=\"font-size: 14pt;\">Lo que me preocupa es la posibilidad de transformar L\u00edbano en otra Gaza.Antonio Guterres.<\/span><\/h4>\n<\/div>\n<\/article>\n<p><span style=\"font-size: 14pt;\">La representante de la ONU en L\u00edbano advirti\u00f3 sobre una \u00abcat\u00e1strofe inminente\u00bb en Oriente Medio y dijo que la\u00a0soluci\u00f3n\u00a0a la\u00a0escalada\u00a0entre\u00a0Hezbola e Israel no puede ser de orden militar.<\/span><\/p>\n<p><span style=\"font-size: 14pt;\">\u00abEn un momento en que la regi\u00f3n est\u00e1 al borde de una cat\u00e1strofe inminente, debemos reiterar que\u00a0no existe una soluci\u00f3n militar que haga m\u00e1s seguro a ninguno de los dos\u00a0lados\u00bb, declar\u00f3 en X la coordinadora especial de Naciones Unidas para el L\u00edbano, Jeanine Hennis-Plasschaert.<\/span><\/p>\n<\/div>\n<\/article>\n","protected":false},"excerpt":{"rendered":"<p>El\u00a0secretario general\u00a0de la Organizaci\u00f3n para las Naciones Unidas (ONU),\u00a0Antonio Guterres, afirm\u00f3\u00a0que est\u00e1 \u00abclaro\u00bb\u00a0que ni\u00a0Israel\u00a0ni\u00a0Hamas\u00a0est\u00e1n interesados en un alto el fuego\u00a0en<\/p>\n","protected":false},"author":4,"featured_media":46896,"comment_status":"closed","ping_status":"closed","sticky":false,"template":"","format":"standard","meta":{"colormag_page_container_layout":"default_layout","colormag_page_sidebar_layout":"default_layout","_jetpack_memberships_contains_paid_content":false,"footnotes":"","jetpack_publicize_message":"","jetpack_publicize_feature_enabled":true,"jetpack_social_post_already_shared":false,"jetpack_social_options":{"image_generator_settings":{"template":"highway","default_image_id":0,"font":"","enabled":false},"version":2}},"categories":[28],"tags":[],"class_list":["post-46895","post","type-post","status-publish","format-standard","has-post-thumbnail","hentry","category-internacional"],"jetpack_publicize_connections":[],"jetpack_featured_media_url":"https:\/\/i0.wp.com\/politicosaldesnudo.com.mx\/wp-content\/uploads\/2024\/09\/Antonio-Guterres.jpg?fit=768%2C479&ssl=1","jetpack-related-posts":[],"jetpack_sharing_enabled":true,"_links":{"self":[{"href":"https:\/\/politicosaldesnudo.com.mx\/index.php\/wp-json\/wp\/v2\/posts\/46895","targetHints":{"allow":["GET"]}}],"collection":[{"href":"https:\/\/politicosaldesnudo.com.mx\/index.php\/wp-json\/wp\/v2\/posts"}],"about":[{"href":"https:\/\/politicosaldesnudo.com.mx\/index.php\/wp-json\/wp\/v2\/types\/post"}],"author":[{"embeddable":true,"href":"https:\/\/politicosaldesnudo.com.mx\/index.php\/wp-json\/wp\/v2\/users\/4"}],"replies":[{"embeddable":true,"href":"https:\/\/politicosaldesnudo.com.mx\/index.php\/wp-json\/wp\/v2\/comments?post=46895"}],"version-history":[{"count":0,"href":"https:\/\/politicosaldesnudo.com.mx\/index.php\/wp-json\/wp\/v2\/posts\/46895\/revisions"}],"wp:featuredmedia":[{"embeddable":true,"href":"https:\/\/politicosaldesnudo.com.mx\/index.php\/wp-json\/wp\/v2\/media\/46896"}],"wp:attachment":[{"href":"https:\/\/politicosaldesnudo.com.mx\/index.php\/wp-json\/wp\/v2\/media?parent=46895"}],"wp:term":[{"taxonomy":"category","embeddable":true,"href":"https:\/\/politicosaldesnudo.com.mx\/index.php\/wp-json\/wp\/v2\/categories?post=46895"},{"taxonomy":"post_tag","embeddable":true,"href":"https:\/\/politicosaldesnudo.com.mx\/index.php\/wp-json\/wp\/v2\/tags?post=46895"}],"curies":[{"name":"wp","href":"https:\/\/api.w.org\/{rel}","templated":true}]}}