{"id":46942,"date":"2024-09-24T00:18:30","date_gmt":"2024-09-24T05:18:30","guid":{"rendered":"https:\/\/politicosaldesnudo.com.mx\/?p=46942"},"modified":"2024-09-24T00:18:37","modified_gmt":"2024-09-24T05:18:37","slug":"eu-propone-prohibir-vehiculos-con-tecnologia-de-china-y-rusia","status":"publish","type":"post","link":"https:\/\/politicosaldesnudo.com.mx\/index.php\/2024\/09\/24\/eu-propone-prohibir-vehiculos-con-tecnologia-de-china-y-rusia\/","title":{"rendered":"EU propone proh\u00edbir veh\u00edculos con tecnolog\u00eda de China y Rusia"},"content":{"rendered":"<div>\n<div id=\"content-body-225-12597552\">\n<p><span style=\"font-size: 14pt;\">El\u00a0Departamento de Comercio de\u00a0Estados Unidos\u00a0decidi\u00f3 el lunes\u00a0prohibir la venta de veh\u00edculos conectados\u00a0que incorporen\u00a0tecnolog\u00eda\u00a0china\u00a0o\u00a0rusa, alegando\u00a0riesgos para la seguridad nacional.<\/span><\/p>\n<p><span style=\"font-size: 14pt;\">La norma propuesta es parte del endurecimiento del presidente\u00a0Joe Biden\u00a0respecto a la\u00a0segunda econom\u00eda m\u00e1s grande del mundo\u00a0y llega despu\u00e9s de un anuncio en febrero de una investigaci\u00f3n sobre los riesgos de seguridad que plantea la tecnolog\u00eda china en los autom\u00f3viles.<\/span><\/p>\n<\/div>\n<\/div>\n<div>\n<div id=\"dfp-nota-1x3s\" data-google-query-id=\"COCkoevp2ogDFR3t9QIdUfwMuQ\">\n<div id=\"google_ads_iframe_\/2000002\/la-prensa\/mexico_nota_1x3_0__container__\"><span style=\"font-size: 14pt;\">La electr\u00f3nica est\u00e1 cada vez m\u00e1s integrada en los autos modernos -tanto en los el\u00e9ctricos como en los aut\u00f3nomos-, que pueden conectarse a dispositivos personales, a otros veh\u00edculos ya infraestructura como sem\u00e1foros y sus fabricantes.<\/span><\/div>\n<div><\/div>\n<div><span style=\"font-size: 14pt;\">La norma presentada el lunes por el Departamento de Comercio\u00a0cubre el\u00a0software\u00a0y el\u00a0hardware\u00a0que conectan los\u00a0veh\u00edculos\u00a0con el mundo exterior.<\/span><\/div>\n<\/div>\n<\/div>\n","protected":false},"excerpt":{"rendered":"<p>El\u00a0Departamento de Comercio de\u00a0Estados Unidos\u00a0decidi\u00f3 el lunes\u00a0prohibir la venta de veh\u00edculos conectados\u00a0que incorporen\u00a0tecnolog\u00eda\u00a0china\u00a0o\u00a0rusa, alegando\u00a0riesgos para la seguridad nacional. La norma<\/p>\n","protected":false},"author":4,"featured_media":46943,"comment_status":"closed","ping_status":"closed","sticky":false,"template":"","format":"standard","meta":{"colormag_page_container_layout":"default_layout","colormag_page_sidebar_layout":"default_layout","_jetpack_memberships_contains_paid_content":false,"footnotes":"","jetpack_publicize_message":"","jetpack_publicize_feature_enabled":true,"jetpack_social_post_already_shared":false,"jetpack_social_options":{"image_generator_settings":{"template":"highway","default_image_id":0,"font":"","enabled":false},"version":2}},"categories":[28],"tags":[],"class_list":["post-46942","post","type-post","status-publish","format-standard","has-post-thumbnail","hentry","category-internacional"],"jetpack_publicize_connections":[],"jetpack_featured_media_url":"https:\/\/i0.wp.com\/politicosaldesnudo.com.mx\/wp-content\/uploads\/2024\/09\/Automoviles-chinos-1.png?fit=768%2C479&ssl=1","jetpack-related-posts":[],"jetpack_sharing_enabled":true,"_links":{"self":[{"href":"https:\/\/politicosaldesnudo.com.mx\/index.php\/wp-json\/wp\/v2\/posts\/46942","targetHints":{"allow":["GET"]}}],"collection":[{"href":"https:\/\/politicosaldesnudo.com.mx\/index.php\/wp-json\/wp\/v2\/posts"}],"about":[{"href":"https:\/\/politicosaldesnudo.com.mx\/index.php\/wp-json\/wp\/v2\/types\/post"}],"author":[{"embeddable":true,"href":"https:\/\/politicosaldesnudo.com.mx\/index.php\/wp-json\/wp\/v2\/users\/4"}],"replies":[{"embeddable":true,"href":"https:\/\/politicosaldesnudo.com.mx\/index.php\/wp-json\/wp\/v2\/comments?post=46942"}],"version-history":[{"count":0,"href":"https:\/\/politicosaldesnudo.com.mx\/index.php\/wp-json\/wp\/v2\/posts\/46942\/revisions"}],"wp:featuredmedia":[{"embeddable":true,"href":"https:\/\/politicosaldesnudo.com.mx\/index.php\/wp-json\/wp\/v2\/media\/46943"}],"wp:attachment":[{"href":"https:\/\/politicosaldesnudo.com.mx\/index.php\/wp-json\/wp\/v2\/media?parent=46942"}],"wp:term":[{"taxonomy":"category","embeddable":true,"href":"https:\/\/politicosaldesnudo.com.mx\/index.php\/wp-json\/wp\/v2\/categories?post=46942"},{"taxonomy":"post_tag","embeddable":true,"href":"https:\/\/politicosaldesnudo.com.mx\/index.php\/wp-json\/wp\/v2\/tags?post=46942"}],"curies":[{"name":"wp","href":"https:\/\/api.w.org\/{rel}","templated":true}]}}