{"id":46951,"date":"2024-09-24T00:24:31","date_gmt":"2024-09-24T05:24:31","guid":{"rendered":"https:\/\/politicosaldesnudo.com.mx\/?p=46951"},"modified":"2024-09-24T00:24:31","modified_gmt":"2024-09-24T05:24:31","slug":"sequia-eleva-precios-de-la-carne-de-res-en-las-regiones-de-mexico","status":"publish","type":"post","link":"https:\/\/politicosaldesnudo.com.mx\/index.php\/2024\/09\/24\/sequia-eleva-precios-de-la-carne-de-res-en-las-regiones-de-mexico\/","title":{"rendered":"Sequ\u00eda eleva precios de la carne de res en las regiones de M\u00e9xico"},"content":{"rendered":"<div class=\"jsx-3315747106 resumeNew\">\n<p><span style=\"font-size: 14pt;\"><strong>Banxico advierte sobre efectos en la oferta ganadera por la baja en el peso y el sacrificio anticipado de reses.<\/strong><\/span><\/p>\n<\/div>\n<div class=\"jsx-1764542821 newsbody\">\n<div class=\"jsx-670345696 share fixed\">\n<div class=\"jsx-670345696 \"><span style=\"font-size: 14pt;\">Las afectaciones por sequ\u00eda han provocado incrementos en los precios de la carne de res, particularmente en la regi\u00f3n norte del pa\u00eds, que tuvo un alza de 3.3% en el 2023, en comparaci\u00f3n con un escenario sin sequ\u00eda, seg\u00fan el Reporte sobre las econom\u00edas regionales abril-junio 2024, publicado por el Banco de M\u00e9xico (Banxico), que analiza la relaci\u00f3n entre este fen\u00f3meno clim\u00e1tico y la producci\u00f3n de carne de res en M\u00e9xico.<\/span><\/div>\n<\/div>\n<div class=\"jsx-1764542821\">\n<div id=\"readNote\" class=\"jsx-1764542821\">\n<div class=\"jsx-537108098\">\n<p class=\"jsx-3954459878\"><span style=\"font-size: 14pt;\">El norte de M\u00e9xico, que incluye estados clave para la ganader\u00eda como Baja California, Chihuahua, Sonora y Coahuila y otros, fue la m\u00e1s impactada por los efectos de la sequ\u00eda, con una disminuci\u00f3n en la disponibilidad de pastizales que oblig\u00f3 a los productores a sacrificar sus reses antes de que alcanzaran un peso \u00f3ptimo; en esta zona se produce 21.7% de la de carne de res a nivel nacional.<\/span><\/p>\n<\/div>\n<\/div>\n<\/div>\n<\/div>\n","protected":false},"excerpt":{"rendered":"<p>Banxico advierte sobre efectos en la oferta ganadera por la baja en el peso y el sacrificio anticipado de reses.<\/p>\n","protected":false},"author":4,"featured_media":46952,"comment_status":"closed","ping_status":"closed","sticky":false,"template":"","format":"standard","meta":{"colormag_page_container_layout":"default_layout","colormag_page_sidebar_layout":"default_layout","_jetpack_memberships_contains_paid_content":false,"footnotes":"","jetpack_publicize_message":"","jetpack_publicize_feature_enabled":true,"jetpack_social_post_already_shared":false,"jetpack_social_options":{"image_generator_settings":{"template":"highway","default_image_id":0,"font":"","enabled":false},"version":2}},"categories":[30],"tags":[],"class_list":["post-46951","post","type-post","status-publish","format-standard","has-post-thumbnail","hentry","category-estados"],"jetpack_publicize_connections":[],"jetpack_featured_media_url":"https:\/\/i0.wp.com\/politicosaldesnudo.com.mx\/wp-content\/uploads\/2024\/09\/47297_49920_Foto.jpg?fit=680%2C420&ssl=1","jetpack-related-posts":[],"jetpack_sharing_enabled":true,"_links":{"self":[{"href":"https:\/\/politicosaldesnudo.com.mx\/index.php\/wp-json\/wp\/v2\/posts\/46951","targetHints":{"allow":["GET"]}}],"collection":[{"href":"https:\/\/politicosaldesnudo.com.mx\/index.php\/wp-json\/wp\/v2\/posts"}],"about":[{"href":"https:\/\/politicosaldesnudo.com.mx\/index.php\/wp-json\/wp\/v2\/types\/post"}],"author":[{"embeddable":true,"href":"https:\/\/politicosaldesnudo.com.mx\/index.php\/wp-json\/wp\/v2\/users\/4"}],"replies":[{"embeddable":true,"href":"https:\/\/politicosaldesnudo.com.mx\/index.php\/wp-json\/wp\/v2\/comments?post=46951"}],"version-history":[{"count":0,"href":"https:\/\/politicosaldesnudo.com.mx\/index.php\/wp-json\/wp\/v2\/posts\/46951\/revisions"}],"wp:featuredmedia":[{"embeddable":true,"href":"https:\/\/politicosaldesnudo.com.mx\/index.php\/wp-json\/wp\/v2\/media\/46952"}],"wp:attachment":[{"href":"https:\/\/politicosaldesnudo.com.mx\/index.php\/wp-json\/wp\/v2\/media?parent=46951"}],"wp:term":[{"taxonomy":"category","embeddable":true,"href":"https:\/\/politicosaldesnudo.com.mx\/index.php\/wp-json\/wp\/v2\/categories?post=46951"},{"taxonomy":"post_tag","embeddable":true,"href":"https:\/\/politicosaldesnudo.com.mx\/index.php\/wp-json\/wp\/v2\/tags?post=46951"}],"curies":[{"name":"wp","href":"https:\/\/api.w.org\/{rel}","templated":true}]}}