{"id":46961,"date":"2024-09-24T00:28:33","date_gmt":"2024-09-24T05:28:33","guid":{"rendered":"https:\/\/politicosaldesnudo.com.mx\/?p=46961"},"modified":"2024-09-24T00:28:33","modified_gmt":"2024-09-24T05:28:33","slug":"banxico-recortara-un-cuarto-de-punto-a-su-tasa-en-decision-que-puede-ser-unanime-bofa","status":"publish","type":"post","link":"https:\/\/politicosaldesnudo.com.mx\/index.php\/2024\/09\/24\/banxico-recortara-un-cuarto-de-punto-a-su-tasa-en-decision-que-puede-ser-unanime-bofa\/","title":{"rendered":"Banxico recortar\u00e1 un cuarto de punto a su tasa en decisi\u00f3n que puede ser un\u00e1nime: BofA"},"content":{"rendered":"<div class=\"jsx-3315747106 resumeNew\">\n<p><span style=\"font-size: 14pt;\"><strong>Considera que est\u00e1n dadas las condiciones para que la Junta de Gobierno tome la decisi\u00f3n de aplicar un nuevo ajuste por mayor\u00eda.<\/strong><\/span><\/p>\n<\/div>\n<div class=\"jsx-1764542821 newsbody\">\n<div class=\"jsx-670345696 share fixed\">\n<div class=\"jsx-670345696 \"><span style=\"font-size: 14pt;\">El Banco de M\u00e9xico (Banxico) aplicar\u00e1 un tercer recorte de 25 puntos base en la tasa, durante la reuni\u00f3n programada para este jueves 26 de septiembre, anticip\u00f3 el equipo de investigaci\u00f3n econ\u00f3mica de Bank of America Securities (BofA Securities).<\/span><\/div>\n<\/div>\n<div class=\"jsx-1764542821\">\n<div id=\"readNote\" class=\"jsx-1764542821\">\n<div class=\"jsx-537108098\">\n<p class=\"jsx-3954459878\"><span style=\"font-size: 14pt;\">De acertar con el pron\u00f3stico, la tasa quedar\u00e1 en 10.50% y se completar\u00e1 un segundo ajuste consecutivo a la baja en un ciclo de normalizaci\u00f3n que inici\u00f3 en marzo de este a\u00f1o, con lo que se completar\u00eda un recorte acumulado de 75 puntos base desde la tasa terminal de 11.25% que prevaleci\u00f3 durante 11 meses, de marzo del 2023 a febrero del 2024.<\/span><\/p>\n<\/div>\n<\/div>\n<\/div>\n<\/div>\n","protected":false},"excerpt":{"rendered":"<p>Considera que est\u00e1n dadas las condiciones para que la Junta de Gobierno tome la decisi\u00f3n de aplicar un nuevo ajuste<\/p>\n","protected":false},"author":4,"featured_media":46962,"comment_status":"closed","ping_status":"closed","sticky":false,"template":"","format":"standard","meta":{"colormag_page_container_layout":"default_layout","colormag_page_sidebar_layout":"default_layout","_jetpack_memberships_contains_paid_content":false,"footnotes":"","jetpack_publicize_message":"","jetpack_publicize_feature_enabled":true,"jetpack_social_post_already_shared":false,"jetpack_social_options":{"image_generator_settings":{"template":"highway","default_image_id":0,"font":"","enabled":false},"version":2}},"categories":[2050],"tags":[],"class_list":["post-46961","post","type-post","status-publish","format-standard","has-post-thumbnail","hentry","category-economia"],"jetpack_publicize_connections":[],"jetpack_featured_media_url":"https:\/\/i0.wp.com\/politicosaldesnudo.com.mx\/wp-content\/uploads\/2024\/09\/banco_de_mexico_gm_-11.jpg_270939306.jpg?fit=1200%2C750&ssl=1","jetpack-related-posts":[],"jetpack_sharing_enabled":true,"_links":{"self":[{"href":"https:\/\/politicosaldesnudo.com.mx\/index.php\/wp-json\/wp\/v2\/posts\/46961","targetHints":{"allow":["GET"]}}],"collection":[{"href":"https:\/\/politicosaldesnudo.com.mx\/index.php\/wp-json\/wp\/v2\/posts"}],"about":[{"href":"https:\/\/politicosaldesnudo.com.mx\/index.php\/wp-json\/wp\/v2\/types\/post"}],"author":[{"embeddable":true,"href":"https:\/\/politicosaldesnudo.com.mx\/index.php\/wp-json\/wp\/v2\/users\/4"}],"replies":[{"embeddable":true,"href":"https:\/\/politicosaldesnudo.com.mx\/index.php\/wp-json\/wp\/v2\/comments?post=46961"}],"version-history":[{"count":0,"href":"https:\/\/politicosaldesnudo.com.mx\/index.php\/wp-json\/wp\/v2\/posts\/46961\/revisions"}],"wp:featuredmedia":[{"embeddable":true,"href":"https:\/\/politicosaldesnudo.com.mx\/index.php\/wp-json\/wp\/v2\/media\/46962"}],"wp:attachment":[{"href":"https:\/\/politicosaldesnudo.com.mx\/index.php\/wp-json\/wp\/v2\/media?parent=46961"}],"wp:term":[{"taxonomy":"category","embeddable":true,"href":"https:\/\/politicosaldesnudo.com.mx\/index.php\/wp-json\/wp\/v2\/categories?post=46961"},{"taxonomy":"post_tag","embeddable":true,"href":"https:\/\/politicosaldesnudo.com.mx\/index.php\/wp-json\/wp\/v2\/tags?post=46961"}],"curies":[{"name":"wp","href":"https:\/\/api.w.org\/{rel}","templated":true}]}}