{"id":46967,"date":"2024-09-24T00:30:52","date_gmt":"2024-09-24T05:30:52","guid":{"rendered":"https:\/\/politicosaldesnudo.com.mx\/?p=46967"},"modified":"2024-09-24T00:30:52","modified_gmt":"2024-09-24T05:30:52","slug":"milei-enfatiza-en-wall-street-apego-a-equilibrio-fiscal","status":"publish","type":"post","link":"https:\/\/politicosaldesnudo.com.mx\/index.php\/2024\/09\/24\/milei-enfatiza-en-wall-street-apego-a-equilibrio-fiscal\/","title":{"rendered":"Milei enfatiza en Wall Street apego a equilibrio fiscal"},"content":{"rendered":"<div class=\"jsx-3315747106 resumeNew\">\n<p><span style=\"font-size: 14pt;\">Antes de tocar la tradicional campana que indica el inicio de las operaciones de la jornada, el mandatario argentino habl\u00f3 ante los inversores de la Bolsa de Nueva York e inform\u00f3 que el cepo en su pa\u00eds se va a liberar \u201ccuando ya no haya ning\u00fan riesgo de desestabilizaci\u00f3n econ\u00f3mica\u201d.<\/span><\/p>\n<\/div>\n<div class=\"jsx-1764542821 newsbody\">\n<div class=\"jsx-670345696 share fixed\">\n<div class=\"jsx-670345696 \"><span style=\"font-size: 14pt;\">En el inicio de su nueva gira a los Estados Unidos, este lunes el presidente Javier Milei toc\u00f3 en Wall Street la tradicional campana que indica el inicio de las operaciones de la jornada. Antes de la ceremonia, el Presidente habl\u00f3 ante los inversores all\u00ed presentes.<\/span><\/div>\n<\/div>\n<div class=\"jsx-1764542821\">\n<div id=\"readNote\" class=\"jsx-1764542821\">\n<div class=\"jsx-537108098\">\n<p class=\"jsx-3954459878\"><span style=\"font-size: 14pt;\">El cl\u00e1sico toque de campana se realiza todos los d\u00edas h\u00e1biles en la Bolsa de Valores de Nueva York (NYSE), el coraz\u00f3n de Wall Street, y suelen participar distintas personalidades reconocidas o representantes de las distintas empresas cuando festejan situaciones especiales.<\/span><\/p>\n<\/div>\n<\/div>\n<\/div>\n<\/div>\n","protected":false},"excerpt":{"rendered":"<p>Antes de tocar la tradicional campana que indica el inicio de las operaciones de la jornada, el mandatario argentino habl\u00f3<\/p>\n","protected":false},"author":4,"featured_media":46968,"comment_status":"closed","ping_status":"closed","sticky":false,"template":"","format":"standard","meta":{"colormag_page_container_layout":"default_layout","colormag_page_sidebar_layout":"default_layout","_jetpack_memberships_contains_paid_content":false,"footnotes":"","jetpack_publicize_message":"","jetpack_publicize_feature_enabled":true,"jetpack_social_post_already_shared":false,"jetpack_social_options":{"image_generator_settings":{"template":"highway","default_image_id":0,"font":"","enabled":false},"version":2}},"categories":[2050],"tags":[],"class_list":["post-46967","post","type-post","status-publish","format-standard","has-post-thumbnail","hentry","category-economia"],"jetpack_publicize_connections":[],"jetpack_featured_media_url":"https:\/\/i0.wp.com\/politicosaldesnudo.com.mx\/wp-content\/uploads\/2024\/09\/nyse_milei_afp.jpg_270939306.jpg?fit=1200%2C750&ssl=1","jetpack-related-posts":[],"jetpack_sharing_enabled":true,"_links":{"self":[{"href":"https:\/\/politicosaldesnudo.com.mx\/index.php\/wp-json\/wp\/v2\/posts\/46967","targetHints":{"allow":["GET"]}}],"collection":[{"href":"https:\/\/politicosaldesnudo.com.mx\/index.php\/wp-json\/wp\/v2\/posts"}],"about":[{"href":"https:\/\/politicosaldesnudo.com.mx\/index.php\/wp-json\/wp\/v2\/types\/post"}],"author":[{"embeddable":true,"href":"https:\/\/politicosaldesnudo.com.mx\/index.php\/wp-json\/wp\/v2\/users\/4"}],"replies":[{"embeddable":true,"href":"https:\/\/politicosaldesnudo.com.mx\/index.php\/wp-json\/wp\/v2\/comments?post=46967"}],"version-history":[{"count":0,"href":"https:\/\/politicosaldesnudo.com.mx\/index.php\/wp-json\/wp\/v2\/posts\/46967\/revisions"}],"wp:featuredmedia":[{"embeddable":true,"href":"https:\/\/politicosaldesnudo.com.mx\/index.php\/wp-json\/wp\/v2\/media\/46968"}],"wp:attachment":[{"href":"https:\/\/politicosaldesnudo.com.mx\/index.php\/wp-json\/wp\/v2\/media?parent=46967"}],"wp:term":[{"taxonomy":"category","embeddable":true,"href":"https:\/\/politicosaldesnudo.com.mx\/index.php\/wp-json\/wp\/v2\/categories?post=46967"},{"taxonomy":"post_tag","embeddable":true,"href":"https:\/\/politicosaldesnudo.com.mx\/index.php\/wp-json\/wp\/v2\/tags?post=46967"}],"curies":[{"name":"wp","href":"https:\/\/api.w.org\/{rel}","templated":true}]}}