{"id":46972,"date":"2024-09-24T00:35:12","date_gmt":"2024-09-24T05:35:12","guid":{"rendered":"https:\/\/politicosaldesnudo.com.mx\/?p=46972"},"modified":"2024-09-24T00:35:12","modified_gmt":"2024-09-24T05:35:12","slug":"huracan-john-toca-tierra-en-guerrero-como-categoria-3","status":"publish","type":"post","link":"https:\/\/politicosaldesnudo.com.mx\/index.php\/2024\/09\/24\/huracan-john-toca-tierra-en-guerrero-como-categoria-3\/","title":{"rendered":"Hurac\u00e1n John toca tierra en Guerrero como categor\u00eda 3"},"content":{"rendered":"<div>\n<div id=\"content-body-225-12602484\">\n<p><span style=\"font-size: 14pt;\">El hurac\u00e1n John toc\u00f3 tierra en Marquelia, Guerrero, como categor\u00eda 3 de acuerdo con el Servicio Meteorol\u00f3gico Nacional (SMN) con vientos de 195 km\/h y rachas de hasta 220 km\/h.<\/span><\/p>\n<p><span style=\"font-size: 14pt;\">La coordinadora nacional de Protecci\u00f3n Civil, Laura Vel\u00e1zquez, inform\u00f3 que el Ejercito Mexicano activ\u00f3 el Plan DN-III, el Plan Marina y el Plan Guardia Nacional, as\u00ed como los protocolos del estado de Guerrero y Oaxaca para atender las contingencias que pudiera generar el meteoro.<\/span><\/p>\n<\/div>\n<\/div>\n<div>\n<div id=\"dfp-nota-1x3s\" data-google-query-id=\"CIC67Mrt2ogDFXf09QIdpxg1IQ\">\n<div id=\"google_ads_iframe_\/2000002\/la-prensa\/mexico_nota_1x3_0__container__\">\n<div id=\"inArticle_1\">\n<div>\n<div>\n<div>\n<div><span style=\"font-size: 14pt;\">Asegur\u00f3 que en este momento ya se tiene desplegado todo el personal operativo maquinaria y v\u00edveres necesarios para atender cualquier situaci\u00f3n de emergencia que se pueda generar por el impacto del hurac\u00e1n.<\/span><\/div>\n<\/div>\n<\/div>\n<\/div>\n<\/div>\n<\/div>\n<\/div>\n<\/div>\n","protected":false},"excerpt":{"rendered":"<p>El hurac\u00e1n John toc\u00f3 tierra en Marquelia, Guerrero, como categor\u00eda 3 de acuerdo con el Servicio Meteorol\u00f3gico Nacional (SMN) con<\/p>\n","protected":false},"author":4,"featured_media":46973,"comment_status":"closed","ping_status":"closed","sticky":false,"template":"","format":"standard","meta":{"colormag_page_container_layout":"default_layout","colormag_page_sidebar_layout":"default_layout","_jetpack_memberships_contains_paid_content":false,"footnotes":"","jetpack_publicize_message":"","jetpack_publicize_feature_enabled":true,"jetpack_social_post_already_shared":false,"jetpack_social_options":{"image_generator_settings":{"template":"highway","default_image_id":0,"font":"","enabled":false},"version":2}},"categories":[33],"tags":[],"class_list":["post-46972","post","type-post","status-publish","format-standard","has-post-thumbnail","hentry","category-nacional"],"jetpack_publicize_connections":[],"jetpack_featured_media_url":"https:\/\/i0.wp.com\/politicosaldesnudo.com.mx\/wp-content\/uploads\/2024\/09\/Huracanes-se-acercan-a-Mexico-por-el-Pacifico-y-la-Peninsula-de-Yucatan.png?fit=768%2C479&ssl=1","jetpack-related-posts":[],"jetpack_sharing_enabled":true,"_links":{"self":[{"href":"https:\/\/politicosaldesnudo.com.mx\/index.php\/wp-json\/wp\/v2\/posts\/46972","targetHints":{"allow":["GET"]}}],"collection":[{"href":"https:\/\/politicosaldesnudo.com.mx\/index.php\/wp-json\/wp\/v2\/posts"}],"about":[{"href":"https:\/\/politicosaldesnudo.com.mx\/index.php\/wp-json\/wp\/v2\/types\/post"}],"author":[{"embeddable":true,"href":"https:\/\/politicosaldesnudo.com.mx\/index.php\/wp-json\/wp\/v2\/users\/4"}],"replies":[{"embeddable":true,"href":"https:\/\/politicosaldesnudo.com.mx\/index.php\/wp-json\/wp\/v2\/comments?post=46972"}],"version-history":[{"count":0,"href":"https:\/\/politicosaldesnudo.com.mx\/index.php\/wp-json\/wp\/v2\/posts\/46972\/revisions"}],"wp:featuredmedia":[{"embeddable":true,"href":"https:\/\/politicosaldesnudo.com.mx\/index.php\/wp-json\/wp\/v2\/media\/46973"}],"wp:attachment":[{"href":"https:\/\/politicosaldesnudo.com.mx\/index.php\/wp-json\/wp\/v2\/media?parent=46972"}],"wp:term":[{"taxonomy":"category","embeddable":true,"href":"https:\/\/politicosaldesnudo.com.mx\/index.php\/wp-json\/wp\/v2\/categories?post=46972"},{"taxonomy":"post_tag","embeddable":true,"href":"https:\/\/politicosaldesnudo.com.mx\/index.php\/wp-json\/wp\/v2\/tags?post=46972"}],"curies":[{"name":"wp","href":"https:\/\/api.w.org\/{rel}","templated":true}]}}