{"id":46998,"date":"2024-09-25T00:21:56","date_gmt":"2024-09-25T05:21:56","guid":{"rendered":"https:\/\/politicosaldesnudo.com.mx\/?p=46998"},"modified":"2024-09-25T00:21:56","modified_gmt":"2024-09-25T05:21:56","slug":"tragico-accidente-en-la-mexico-tuxpan-tres-fallecidos","status":"publish","type":"post","link":"https:\/\/politicosaldesnudo.com.mx\/index.php\/2024\/09\/25\/tragico-accidente-en-la-mexico-tuxpan-tres-fallecidos\/","title":{"rendered":"Tr\u00e1gico accidente en la M\u00e9xico-Tuxpan; tres fallecidos"},"content":{"rendered":"<p><span style=\"font-size: 14pt;\">A trav\u00e9s de redes sociales la poblaci\u00f3n de Tihuatl\u00e1n ha externado sus condolencias a familiares de las tres v\u00edctimas del accidente carretero registrado la ma\u00f1ana de este martes en la autopista M\u00e9xico-Tuxpan, a la altura del municipio de Tihuatl\u00e1n.<\/span><\/p>\n<p><span style=\"font-size: 14pt;\">Las v\u00edctimas fueron identificadas como Jes\u00fas Francisco Cerecedo M\u00e1rquez, Briseida Sant\u00e9s Aquino y Guadalupe Paredes M\u00e1rquez, originarios de citada localidad.<\/span><\/p>\n<p><span style=\"font-size: 14pt;\">De acuerdo a los reportes, las v\u00edctimas viajaban a bordo de un taxi n\u00famero econ\u00f3mico 2640 cuando , se presume, el conductor de una pipa doble remolque cargada de combustible, perdi\u00f3 el control de la unidad e invadi\u00f3 el carril de la unidad de pasajeros; el conductor de la pesada unidad se di\u00f3 a la fuga.<\/span><\/p>\n<p><span style=\"font-size: 14pt;\">La circulaci\u00f3n estuvo cerrada por espacio de varias horas, toda vez que arribaron elementos de Seguridad, Emergencias y Periciales para realizar las labores correspondientes. Los cuerpos de las v\u00edctimas fueron trasladados a la SEMEFO de Poza Rica.<\/span><\/p>\n","protected":false},"excerpt":{"rendered":"<p>A trav\u00e9s de redes sociales la poblaci\u00f3n de Tihuatl\u00e1n ha externado sus condolencias a familiares de las tres v\u00edctimas del<\/p>\n","protected":false},"author":4,"featured_media":46999,"comment_status":"closed","ping_status":"closed","sticky":false,"template":"","format":"standard","meta":{"colormag_page_container_layout":"default_layout","colormag_page_sidebar_layout":"default_layout","_jetpack_memberships_contains_paid_content":false,"footnotes":"","jetpack_publicize_message":"","jetpack_publicize_feature_enabled":true,"jetpack_social_post_already_shared":false,"jetpack_social_options":{"image_generator_settings":{"template":"highway","default_image_id":0,"font":"","enabled":false},"version":2}},"categories":[1082],"tags":[],"class_list":["post-46998","post","type-post","status-publish","format-standard","has-post-thumbnail","hentry","category-tuxpan"],"jetpack_publicize_connections":[],"jetpack_featured_media_url":"https:\/\/i0.wp.com\/politicosaldesnudo.com.mx\/wp-content\/uploads\/2024\/09\/tragico-accidente-en-la-mexico-tuxpan-tres-fallecidos-553743.jpeg?fit=800%2C600&ssl=1","jetpack-related-posts":[],"jetpack_sharing_enabled":true,"_links":{"self":[{"href":"https:\/\/politicosaldesnudo.com.mx\/index.php\/wp-json\/wp\/v2\/posts\/46998","targetHints":{"allow":["GET"]}}],"collection":[{"href":"https:\/\/politicosaldesnudo.com.mx\/index.php\/wp-json\/wp\/v2\/posts"}],"about":[{"href":"https:\/\/politicosaldesnudo.com.mx\/index.php\/wp-json\/wp\/v2\/types\/post"}],"author":[{"embeddable":true,"href":"https:\/\/politicosaldesnudo.com.mx\/index.php\/wp-json\/wp\/v2\/users\/4"}],"replies":[{"embeddable":true,"href":"https:\/\/politicosaldesnudo.com.mx\/index.php\/wp-json\/wp\/v2\/comments?post=46998"}],"version-history":[{"count":0,"href":"https:\/\/politicosaldesnudo.com.mx\/index.php\/wp-json\/wp\/v2\/posts\/46998\/revisions"}],"wp:featuredmedia":[{"embeddable":true,"href":"https:\/\/politicosaldesnudo.com.mx\/index.php\/wp-json\/wp\/v2\/media\/46999"}],"wp:attachment":[{"href":"https:\/\/politicosaldesnudo.com.mx\/index.php\/wp-json\/wp\/v2\/media?parent=46998"}],"wp:term":[{"taxonomy":"category","embeddable":true,"href":"https:\/\/politicosaldesnudo.com.mx\/index.php\/wp-json\/wp\/v2\/categories?post=46998"},{"taxonomy":"post_tag","embeddable":true,"href":"https:\/\/politicosaldesnudo.com.mx\/index.php\/wp-json\/wp\/v2\/tags?post=46998"}],"curies":[{"name":"wp","href":"https:\/\/api.w.org\/{rel}","templated":true}]}}