{"id":47001,"date":"2024-09-25T00:23:50","date_gmt":"2024-09-25T05:23:50","guid":{"rendered":"https:\/\/politicosaldesnudo.com.mx\/?p=47001"},"modified":"2024-09-25T00:23:50","modified_gmt":"2024-09-25T05:23:50","slug":"lula-afirma-ante-la-onu-que-el-planeta-esta-cansando-de-acuerdos-climaticos-incumplidos","status":"publish","type":"post","link":"https:\/\/politicosaldesnudo.com.mx\/index.php\/2024\/09\/25\/lula-afirma-ante-la-onu-que-el-planeta-esta-cansando-de-acuerdos-climaticos-incumplidos\/","title":{"rendered":"Lula afirma ante la ONU que \u00abel planeta est\u00e1 cansando de acuerdos clim\u00e1ticos incumplidos\u00bb"},"content":{"rendered":"<div class=\"content-body clearfix \">\n<div id=\"content-body-225-12603374\">\n<p><span style=\"font-size: 14pt;\">El presidente brasile\u00f1o, Luiz In\u00e1cio Lula da Silva, afirm\u00f3 este martes que \u00abel planeta est\u00e1 lleno de acuerdos clim\u00e1ticos que no son cumplidos\u00bb, al inaugurar los debates de la Asamblea General de las Naciones Unidas.<\/span><\/p>\n<p><span style=\"font-size: 14pt;\">Lula puso \u00e9nfasis, en su discurso ante los jefes de Estado y de Gobierno reunidos en la ONU, en la necesidad de los pactos que promueven compensar financieramente a los pa\u00edses m\u00e1s pobres que mantienen en pie sus selvas, que han sido reiteradamente ignorados por las naciones m\u00e1s desarrolladas.<\/span><\/p>\n<\/div>\n<\/div>\n<div class=\"advertisment \">\n<div id=\"dfp-nota-1x3s\" data-google-query-id=\"CNmdrvqs3YgDFQqtpgQdzFkEWg\">\n<div id=\"google_ads_iframe_\/2000002\/la-prensa\/mexico_nota_1x3_0__container__\">\n<div id=\"inArticle_1\" class=\"st-placement inArticle_1 inArticle\">\n<div class=\"st-adunit st-adunit-tagged st-reset st-show\">\n<div class=\"st-adunit-ad st-reset\">\n<div class=\"st-display-render st-reset open 970x250\">\n<div class=\"st-canvas st-reset horizontal-static\"><span style=\"font-size: 14pt;\">\u00abEl planeta est\u00e1 cansado de metas de reducci\u00f3n de carbono y de auxilios a los pa\u00edses m\u00e1s pobres que nunca llegan\u00bb, mientras que 2024 \u00abva camino de ser el a\u00f1o m\u00e1s caliente de la historia moderna\u00bb, con \u00abhuracanes en el Caribe, tifones en Asia, sequ\u00eda e inundaciones en \u00c1frica y lluvias torrenciales en Europa\u00bb, mientras el mundo invierte \u00abcada vez m\u00e1s en guerras\u00bb, remarc\u00f3 Lula.<\/span><\/div>\n<\/div>\n<\/div>\n<\/div>\n<\/div>\n<\/div>\n<\/div>\n<\/div>\n","protected":false},"excerpt":{"rendered":"<p>El presidente brasile\u00f1o, Luiz In\u00e1cio Lula da Silva, afirm\u00f3 este martes que \u00abel planeta est\u00e1 lleno de acuerdos clim\u00e1ticos que<\/p>\n","protected":false},"author":4,"featured_media":47002,"comment_status":"closed","ping_status":"closed","sticky":false,"template":"","format":"standard","meta":{"colormag_page_container_layout":"default_layout","colormag_page_sidebar_layout":"default_layout","_jetpack_memberships_contains_paid_content":false,"footnotes":"","jetpack_publicize_message":"","jetpack_publicize_feature_enabled":true,"jetpack_social_post_already_shared":false,"jetpack_social_options":{"image_generator_settings":{"template":"highway","default_image_id":0,"font":"","enabled":false},"version":2}},"categories":[28],"tags":[],"class_list":["post-47001","post","type-post","status-publish","format-standard","has-post-thumbnail","hentry","category-internacional"],"jetpack_publicize_connections":[],"jetpack_featured_media_url":"https:\/\/i0.wp.com\/politicosaldesnudo.com.mx\/wp-content\/uploads\/2024\/09\/Lula.jpg?fit=768%2C479&ssl=1","jetpack-related-posts":[],"jetpack_sharing_enabled":true,"_links":{"self":[{"href":"https:\/\/politicosaldesnudo.com.mx\/index.php\/wp-json\/wp\/v2\/posts\/47001","targetHints":{"allow":["GET"]}}],"collection":[{"href":"https:\/\/politicosaldesnudo.com.mx\/index.php\/wp-json\/wp\/v2\/posts"}],"about":[{"href":"https:\/\/politicosaldesnudo.com.mx\/index.php\/wp-json\/wp\/v2\/types\/post"}],"author":[{"embeddable":true,"href":"https:\/\/politicosaldesnudo.com.mx\/index.php\/wp-json\/wp\/v2\/users\/4"}],"replies":[{"embeddable":true,"href":"https:\/\/politicosaldesnudo.com.mx\/index.php\/wp-json\/wp\/v2\/comments?post=47001"}],"version-history":[{"count":0,"href":"https:\/\/politicosaldesnudo.com.mx\/index.php\/wp-json\/wp\/v2\/posts\/47001\/revisions"}],"wp:featuredmedia":[{"embeddable":true,"href":"https:\/\/politicosaldesnudo.com.mx\/index.php\/wp-json\/wp\/v2\/media\/47002"}],"wp:attachment":[{"href":"https:\/\/politicosaldesnudo.com.mx\/index.php\/wp-json\/wp\/v2\/media?parent=47001"}],"wp:term":[{"taxonomy":"category","embeddable":true,"href":"https:\/\/politicosaldesnudo.com.mx\/index.php\/wp-json\/wp\/v2\/categories?post=47001"},{"taxonomy":"post_tag","embeddable":true,"href":"https:\/\/politicosaldesnudo.com.mx\/index.php\/wp-json\/wp\/v2\/tags?post=47001"}],"curies":[{"name":"wp","href":"https:\/\/api.w.org\/{rel}","templated":true}]}}