{"id":47004,"date":"2024-09-25T00:25:04","date_gmt":"2024-09-25T05:25:04","guid":{"rendered":"https:\/\/politicosaldesnudo.com.mx\/?p=47004"},"modified":"2024-09-25T00:25:04","modified_gmt":"2024-09-25T05:25:04","slug":"tribunal-de-venezuela-ordena-la-detencion-de-milei-por-robo-agravado-y-otros-seis-delitos","status":"publish","type":"post","link":"https:\/\/politicosaldesnudo.com.mx\/index.php\/2024\/09\/25\/tribunal-de-venezuela-ordena-la-detencion-de-milei-por-robo-agravado-y-otros-seis-delitos\/","title":{"rendered":"Tribunal de Venezuela ordena la detenci\u00f3n de Milei por \u00abrobo agravado\u00bb y otros seis delitos"},"content":{"rendered":"<p><span style=\"font-size: 14pt;\">Un\u00a0tribunal de Venezuela\u00a0emiti\u00f3 este lunes una\u00a0orden de detenci\u00f3n\u00a0\u00abpreventiva\u00bb, solicitada previamente por el Ministerio P\u00fablico (MP, Fiscal\u00eda), contra el presidente de Argentina,\u00a0Javier Milei, por \u00abrobo\u00a0agravado\u00bb y otros\u00a0seis delitos\u00a0relacionados al caso del\u00a0avi\u00f3n venezolano-iran\u00ed\u00a0que estuvo\u00a0retenido\u00a0en\u00a0Buenos Aires\u00a0y fue enviado a Estados Unidos en febrero.<\/span><\/p>\n<p><span style=\"font-size: 14pt;\">A trav\u00e9s de un comunicado, la Sala de Casaci\u00f3n Penal del Tribunal Supremo de Justicia (TSJ) explic\u00f3 que, tras la solicitud del MP, se acord\u00f3 la\u00a0orden de detenci\u00f3n contra Milei, as\u00ed como contra la secretaria general de Argentina,\u00a0Karina\u00a0Milei, y la ministra de Seguridad,\u00a0Patricia\u00a0Bullrich.<\/span><\/p>\n<p><span style=\"font-size: 14pt;\">El\u00a0TSJ\u00a0indic\u00f3 que la\u00a0orden\u00a0de captura\u00a0es por los\u00a0presuntos\u00a0delitos\u00a0de \u00abrobo agravado,\u00a0legitimaci\u00f3n\u00a0de\u00a0capitales,\u00a0simulaci\u00f3n de hechos punibles,\u00a0privaci\u00f3n\u00a0ileg\u00edtima\u00a0de\u00a0libertad,\u00a0interferencia\u00a0il\u00edcita en la\u00a0seguridad\u00a0operacional\u00a0de la aviaci\u00f3n\u00a0civil\u00a0e\u00a0inutilizaci\u00f3n\u00a0de\u00a0aeronaves\u00a0y\u00a0asociaci\u00f3n\u00a0para\u00a0delinquir\u00bb.<\/span><\/p>\n","protected":false},"excerpt":{"rendered":"<p>Un\u00a0tribunal de Venezuela\u00a0emiti\u00f3 este lunes una\u00a0orden de detenci\u00f3n\u00a0\u00abpreventiva\u00bb, solicitada previamente por el Ministerio P\u00fablico (MP, Fiscal\u00eda), contra el presidente de<\/p>\n","protected":false},"author":4,"featured_media":47005,"comment_status":"closed","ping_status":"closed","sticky":false,"template":"","format":"standard","meta":{"colormag_page_container_layout":"default_layout","colormag_page_sidebar_layout":"default_layout","_jetpack_memberships_contains_paid_content":false,"footnotes":"","jetpack_publicize_message":"","jetpack_publicize_feature_enabled":true,"jetpack_social_post_already_shared":false,"jetpack_social_options":{"image_generator_settings":{"template":"highway","default_image_id":0,"font":"","enabled":false},"version":2}},"categories":[28],"tags":[],"class_list":["post-47004","post","type-post","status-publish","format-standard","has-post-thumbnail","hentry","category-internacional"],"jetpack_publicize_connections":[],"jetpack_featured_media_url":"https:\/\/i0.wp.com\/politicosaldesnudo.com.mx\/wp-content\/uploads\/2024\/09\/Javier-Milei-1.png?fit=768%2C479&ssl=1","jetpack-related-posts":[],"jetpack_sharing_enabled":true,"_links":{"self":[{"href":"https:\/\/politicosaldesnudo.com.mx\/index.php\/wp-json\/wp\/v2\/posts\/47004","targetHints":{"allow":["GET"]}}],"collection":[{"href":"https:\/\/politicosaldesnudo.com.mx\/index.php\/wp-json\/wp\/v2\/posts"}],"about":[{"href":"https:\/\/politicosaldesnudo.com.mx\/index.php\/wp-json\/wp\/v2\/types\/post"}],"author":[{"embeddable":true,"href":"https:\/\/politicosaldesnudo.com.mx\/index.php\/wp-json\/wp\/v2\/users\/4"}],"replies":[{"embeddable":true,"href":"https:\/\/politicosaldesnudo.com.mx\/index.php\/wp-json\/wp\/v2\/comments?post=47004"}],"version-history":[{"count":0,"href":"https:\/\/politicosaldesnudo.com.mx\/index.php\/wp-json\/wp\/v2\/posts\/47004\/revisions"}],"wp:featuredmedia":[{"embeddable":true,"href":"https:\/\/politicosaldesnudo.com.mx\/index.php\/wp-json\/wp\/v2\/media\/47005"}],"wp:attachment":[{"href":"https:\/\/politicosaldesnudo.com.mx\/index.php\/wp-json\/wp\/v2\/media?parent=47004"}],"wp:term":[{"taxonomy":"category","embeddable":true,"href":"https:\/\/politicosaldesnudo.com.mx\/index.php\/wp-json\/wp\/v2\/categories?post=47004"},{"taxonomy":"post_tag","embeddable":true,"href":"https:\/\/politicosaldesnudo.com.mx\/index.php\/wp-json\/wp\/v2\/tags?post=47004"}],"curies":[{"name":"wp","href":"https:\/\/api.w.org\/{rel}","templated":true}]}}