{"id":47053,"date":"2024-09-25T08:38:02","date_gmt":"2024-09-25T13:38:02","guid":{"rendered":"https:\/\/politicosaldesnudo.com.mx\/?p=47053"},"modified":"2024-09-25T08:38:02","modified_gmt":"2024-09-25T13:38:02","slug":"aumenta-a-tres-personas-muertas-en-guerrero-por-impacto-de-john","status":"publish","type":"post","link":"https:\/\/politicosaldesnudo.com.mx\/index.php\/2024\/09\/25\/aumenta-a-tres-personas-muertas-en-guerrero-por-impacto-de-john\/","title":{"rendered":"Aumenta a tres personas muertas en Guerrero por impacto de John"},"content":{"rendered":"<p><span style=\"font-size: 14pt;\">La\u00a0cifra de muertos\u00a0en\u00a0Guerrero\u00a0aument\u00f3 a tres, luego de\u00a0otro derrumbe registrado en el municipio de Malinaltepec\u00a0ocasionado por el paso de la tormenta tropical John en costas mexicanas, reportaron autoridades estatales y municipales<\/span><\/p>\n<p><span style=\"font-size: 14pt;\">Por la ma\u00f1ana, durante un enlace con el presidente de M\u00e9xico, la gobernadora\u00a0Evelyn Salgado Pineda inform\u00f3 del fallecimiento de dos personas\u00a0en el municipio de\u00a0Tlacoachistlahuaca\u00a0por el\u00a0deslave de tierra.<\/span><\/p>\n<p><span style=\"font-size: 14pt;\">En la conferencia, la mandataria precis\u00f3 que fueron\u00a0dos las v\u00edctimas\u00a0y posteriormente se conoci\u00f3 que una de las v\u00edctimas era mujer y la otra un menor de edad.<\/span><\/p>\n<p><span style=\"font-size: 14pt;\">En Malinaltepec, se confirm\u00f3 el fallecimiento de otra mujer, adulta mayor, identificada como Rufina L\u00f3pez de 70 a\u00f1os, al registrarse un derrumbe sobre su vivienda.<\/span><\/p>\n","protected":false},"excerpt":{"rendered":"<p>La\u00a0cifra de muertos\u00a0en\u00a0Guerrero\u00a0aument\u00f3 a tres, luego de\u00a0otro derrumbe registrado en el municipio de Malinaltepec\u00a0ocasionado por el paso de la tormenta<\/p>\n","protected":false},"author":4,"featured_media":47054,"comment_status":"closed","ping_status":"closed","sticky":false,"template":"","format":"standard","meta":{"colormag_page_container_layout":"default_layout","colormag_page_sidebar_layout":"default_layout","_jetpack_memberships_contains_paid_content":false,"footnotes":"","jetpack_publicize_message":"","jetpack_publicize_feature_enabled":true,"jetpack_social_post_already_shared":false,"jetpack_social_options":{"image_generator_settings":{"template":"highway","default_image_id":0,"font":"","enabled":false},"version":2}},"categories":[33],"tags":[],"class_list":["post-47053","post","type-post","status-publish","format-standard","has-post-thumbnail","hentry","category-nacional"],"jetpack_publicize_connections":[],"jetpack_featured_media_url":"https:\/\/i0.wp.com\/politicosaldesnudo.com.mx\/wp-content\/uploads\/2024\/09\/tormenta-guerrero-john.jpg?fit=768%2C479&ssl=1","jetpack-related-posts":[],"jetpack_sharing_enabled":true,"_links":{"self":[{"href":"https:\/\/politicosaldesnudo.com.mx\/index.php\/wp-json\/wp\/v2\/posts\/47053","targetHints":{"allow":["GET"]}}],"collection":[{"href":"https:\/\/politicosaldesnudo.com.mx\/index.php\/wp-json\/wp\/v2\/posts"}],"about":[{"href":"https:\/\/politicosaldesnudo.com.mx\/index.php\/wp-json\/wp\/v2\/types\/post"}],"author":[{"embeddable":true,"href":"https:\/\/politicosaldesnudo.com.mx\/index.php\/wp-json\/wp\/v2\/users\/4"}],"replies":[{"embeddable":true,"href":"https:\/\/politicosaldesnudo.com.mx\/index.php\/wp-json\/wp\/v2\/comments?post=47053"}],"version-history":[{"count":0,"href":"https:\/\/politicosaldesnudo.com.mx\/index.php\/wp-json\/wp\/v2\/posts\/47053\/revisions"}],"wp:featuredmedia":[{"embeddable":true,"href":"https:\/\/politicosaldesnudo.com.mx\/index.php\/wp-json\/wp\/v2\/media\/47054"}],"wp:attachment":[{"href":"https:\/\/politicosaldesnudo.com.mx\/index.php\/wp-json\/wp\/v2\/media?parent=47053"}],"wp:term":[{"taxonomy":"category","embeddable":true,"href":"https:\/\/politicosaldesnudo.com.mx\/index.php\/wp-json\/wp\/v2\/categories?post=47053"},{"taxonomy":"post_tag","embeddable":true,"href":"https:\/\/politicosaldesnudo.com.mx\/index.php\/wp-json\/wp\/v2\/tags?post=47053"}],"curies":[{"name":"wp","href":"https:\/\/api.w.org\/{rel}","templated":true}]}}