{"id":47068,"date":"2024-09-25T16:22:22","date_gmt":"2024-09-25T21:22:22","guid":{"rendered":"https:\/\/politicosaldesnudo.com.mx\/?p=47068"},"modified":"2024-09-25T16:22:22","modified_gmt":"2024-09-25T21:22:22","slug":"hoy-el-gran-concierto-en-tuxpan-de-la-banda-sinfonica-de-la-secretaria-de-marina-armada-de-mexico","status":"publish","type":"post","link":"https:\/\/politicosaldesnudo.com.mx\/index.php\/2024\/09\/25\/hoy-el-gran-concierto-en-tuxpan-de-la-banda-sinfonica-de-la-secretaria-de-marina-armada-de-mexico\/","title":{"rendered":"Hoy, el gran concierto en Tuxpan de la Banda Sinf\u00f3nica de la Secretar\u00eda de Marina Armada de M\u00e9xico"},"content":{"rendered":"<p><span style=\"font-size: 14pt;\"><strong>\u2022 Ser\u00e1 a las 17:00 horas, en la Carpa Arena del Hotel Royal Garden, Av. Manuel Maples Arce 170, La Calzada.<\/strong><\/span><\/p>\n<p><span style=\"font-size: 14pt;\">Tuxpan, Ver. &#8211; El Gobierno de Tuxpan y la Universidad Veracruzana invitan al Concierto de la Banda Sinf\u00f3nica de la Secretar\u00eda de Marina Armada de M\u00e9xico, hoy mi\u00e9rcoles 25 de septiembre, a las 17:00 horas, en la Carpa Arena del Hotel Royal Garden, Av. Manuel Maples Arce 170, La Calzada.<\/span><\/p>\n<p><span style=\"font-size: 14pt;\">El alcalde Jos\u00e9 Manuel Pozos Castro reiter\u00f3 la invitaci\u00f3n a la ciudadan\u00eda tuxpe\u00f1a para este evento con una de las bandas sinf\u00f3nicas m\u00e1s importantes del pa\u00eds.<\/span><\/p>\n<p><span style=\"font-size: 14pt;\">El concierto se enmarca en el contexto hist\u00f3rico de la conmemoraci\u00f3n del \u201c23 de Noviembre de 1914: Devoluci\u00f3n del Puerto de Veracruz al Gobierno de M\u00e9xico\u201d.<\/span><\/p>\n<p><span style=\"font-size: 14pt;\">Se tendr\u00e1 una charla previa de la Dra. Cecilia S\u00e1nchez-Hidalgo, del Instituto de Investigaciones Hist\u00f3rico-Sociales de la Universidad Veracruzana.<\/span><\/p>\n<p><span style=\"font-size: 14pt;\">Es importante destacar que esta presentaci\u00f3n \u00fanica es parte del ciclo \u201cM\u00fasica y Contexto o el Sonido como Historia\u201d, temporada 2024.<\/span><\/p>\n","protected":false},"excerpt":{"rendered":"<p>\u2022 Ser\u00e1 a las 17:00 horas, en la Carpa Arena del Hotel Royal Garden, Av. Manuel Maples Arce 170, La<\/p>\n","protected":false},"author":4,"featured_media":47069,"comment_status":"closed","ping_status":"closed","sticky":false,"template":"","format":"standard","meta":{"colormag_page_container_layout":"default_layout","colormag_page_sidebar_layout":"default_layout","_jetpack_memberships_contains_paid_content":false,"footnotes":"","jetpack_publicize_message":"","jetpack_publicize_feature_enabled":true,"jetpack_social_post_already_shared":false,"jetpack_social_options":{"image_generator_settings":{"template":"highway","default_image_id":0,"font":"","enabled":false},"version":2}},"categories":[3205,1082],"tags":[],"class_list":["post-47068","post","type-post","status-publish","format-standard","has-post-thumbnail","hentry","category-gobierno-tuxpan","category-tuxpan"],"jetpack_publicize_connections":[],"jetpack_featured_media_url":"https:\/\/i0.wp.com\/politicosaldesnudo.com.mx\/wp-content\/uploads\/2024\/09\/WhatsApp-Image-2024-09-25-at-14.04.10.jpeg?fit=760%2C429&ssl=1","jetpack-related-posts":[],"jetpack_sharing_enabled":true,"_links":{"self":[{"href":"https:\/\/politicosaldesnudo.com.mx\/index.php\/wp-json\/wp\/v2\/posts\/47068","targetHints":{"allow":["GET"]}}],"collection":[{"href":"https:\/\/politicosaldesnudo.com.mx\/index.php\/wp-json\/wp\/v2\/posts"}],"about":[{"href":"https:\/\/politicosaldesnudo.com.mx\/index.php\/wp-json\/wp\/v2\/types\/post"}],"author":[{"embeddable":true,"href":"https:\/\/politicosaldesnudo.com.mx\/index.php\/wp-json\/wp\/v2\/users\/4"}],"replies":[{"embeddable":true,"href":"https:\/\/politicosaldesnudo.com.mx\/index.php\/wp-json\/wp\/v2\/comments?post=47068"}],"version-history":[{"count":0,"href":"https:\/\/politicosaldesnudo.com.mx\/index.php\/wp-json\/wp\/v2\/posts\/47068\/revisions"}],"wp:featuredmedia":[{"embeddable":true,"href":"https:\/\/politicosaldesnudo.com.mx\/index.php\/wp-json\/wp\/v2\/media\/47069"}],"wp:attachment":[{"href":"https:\/\/politicosaldesnudo.com.mx\/index.php\/wp-json\/wp\/v2\/media?parent=47068"}],"wp:term":[{"taxonomy":"category","embeddable":true,"href":"https:\/\/politicosaldesnudo.com.mx\/index.php\/wp-json\/wp\/v2\/categories?post=47068"},{"taxonomy":"post_tag","embeddable":true,"href":"https:\/\/politicosaldesnudo.com.mx\/index.php\/wp-json\/wp\/v2\/tags?post=47068"}],"curies":[{"name":"wp","href":"https:\/\/api.w.org\/{rel}","templated":true}]}}