{"id":47286,"date":"2024-09-29T06:12:26","date_gmt":"2024-09-29T11:12:26","guid":{"rendered":"https:\/\/politicosaldesnudo.com.mx\/?p=47286"},"modified":"2024-09-29T00:14:24","modified_gmt":"2024-09-29T05:14:24","slug":"este-domingo-apoya-a-los-productores-locales-asiste-a-la-gran-venta-de-productos-frescos-del-campo-en-la-plaza-civica-a-partir-de-las-800-horas","status":"publish","type":"post","link":"https:\/\/politicosaldesnudo.com.mx\/index.php\/2024\/09\/29\/este-domingo-apoya-a-los-productores-locales-asiste-a-la-gran-venta-de-productos-frescos-del-campo-en-la-plaza-civica-a-partir-de-las-800-horas\/","title":{"rendered":"\u00a1Este domingo apoya a los productores locales! Asiste a la gran venta de productos frescos del campo, en la Plaza C\u00edvica, a partir de las 8:00 horas"},"content":{"rendered":"<p><span style=\"font-size: 14pt;\"><strong>\u2022 Tuxpan es sede del Foro de Comercializaci\u00f3n de Productos del programa \u201cSembrando Vida<\/strong><\/span><\/p>\n<p><span style=\"font-size: 14pt;\">Tuxpan, Ver.- En el marco del D\u00eda del Ma\u00edz, este domingo sembradores de Tuxpan, Castillo de Teayo, Tihuatl\u00e1n y \u00c1lamo participar\u00e1n en el Foro de Comercializaci\u00f3n de Productos del programa \u201cSembrando Vida\u201d, en la Plaza C\u00edvica, a partir de las 8:00 horas.<\/span><\/p>\n<p><span style=\"font-size: 14pt;\">Este evento es realizado por la Secretar\u00eda de Bienestar, el Instituto Nacional de los Pueblos Ind\u00edgenas (INPI) y el Gobierno de Tuxpan.<\/span><\/p>\n<p><span style=\"font-size: 14pt;\">La ciudadan\u00eda tendr\u00e1 la oportunidad de adquirir productos frescos del campo, as\u00ed como bebidas y comidas tradicionales elaboradas a base de ma\u00edz.<\/span><\/p>\n<p><span style=\"font-size: 14pt;\">Este foro busca generar v\u00ednculos entre sembradores, productores y compradores directos, y a trav\u00e9s de ello impulsar la econom\u00eda del sector agr\u00edcola de la regi\u00f3n.<\/span><\/p>\n<p><img data-recalc-dims=\"1\" loading=\"lazy\" decoding=\"async\" class=\"aligncenter size-large wp-image-47287\" src=\"https:\/\/i0.wp.com\/politicosaldesnudo.com.mx\/wp-content\/uploads\/2024\/09\/WhatsApp-Image-2024-09-28-at-17.54.53-768x1024.jpeg?resize=768%2C1024&#038;ssl=1\" alt=\"\" width=\"768\" height=\"1024\" srcset=\"https:\/\/i0.wp.com\/politicosaldesnudo.com.mx\/wp-content\/uploads\/2024\/09\/WhatsApp-Image-2024-09-28-at-17.54.53.jpeg?resize=768%2C1024&amp;ssl=1 768w, https:\/\/i0.wp.com\/politicosaldesnudo.com.mx\/wp-content\/uploads\/2024\/09\/WhatsApp-Image-2024-09-28-at-17.54.53.jpeg?resize=225%2C300&amp;ssl=1 225w, https:\/\/i0.wp.com\/politicosaldesnudo.com.mx\/wp-content\/uploads\/2024\/09\/WhatsApp-Image-2024-09-28-at-17.54.53.jpeg?resize=1152%2C1536&amp;ssl=1 1152w, https:\/\/i0.wp.com\/politicosaldesnudo.com.mx\/wp-content\/uploads\/2024\/09\/WhatsApp-Image-2024-09-28-at-17.54.53.jpeg?w=1200&amp;ssl=1 1200w\" sizes=\"auto, (max-width: 768px) 100vw, 768px\" \/><\/p>\n","protected":false},"excerpt":{"rendered":"<p>\u2022 Tuxpan es sede del Foro de Comercializaci\u00f3n de Productos del programa \u201cSembrando Vida Tuxpan, Ver.- En el marco del<\/p>\n","protected":false},"author":4,"featured_media":47288,"comment_status":"closed","ping_status":"closed","sticky":false,"template":"","format":"standard","meta":{"colormag_page_container_layout":"default_layout","colormag_page_sidebar_layout":"default_layout","_jetpack_memberships_contains_paid_content":false,"footnotes":"","jetpack_publicize_message":"","jetpack_publicize_feature_enabled":true,"jetpack_social_post_already_shared":false,"jetpack_social_options":{"image_generator_settings":{"template":"highway","default_image_id":0,"font":"","enabled":false},"version":2}},"categories":[3205,1082],"tags":[],"class_list":["post-47286","post","type-post","status-publish","format-standard","has-post-thumbnail","hentry","category-gobierno-tuxpan","category-tuxpan"],"jetpack_publicize_connections":[],"jetpack_featured_media_url":"https:\/\/i0.wp.com\/politicosaldesnudo.com.mx\/wp-content\/uploads\/2024\/09\/858d7ad45d82ec2d717f0eaf4fa123e1_large-1.jpg?fit=1600%2C900&ssl=1","jetpack-related-posts":[],"jetpack_sharing_enabled":true,"_links":{"self":[{"href":"https:\/\/politicosaldesnudo.com.mx\/index.php\/wp-json\/wp\/v2\/posts\/47286","targetHints":{"allow":["GET"]}}],"collection":[{"href":"https:\/\/politicosaldesnudo.com.mx\/index.php\/wp-json\/wp\/v2\/posts"}],"about":[{"href":"https:\/\/politicosaldesnudo.com.mx\/index.php\/wp-json\/wp\/v2\/types\/post"}],"author":[{"embeddable":true,"href":"https:\/\/politicosaldesnudo.com.mx\/index.php\/wp-json\/wp\/v2\/users\/4"}],"replies":[{"embeddable":true,"href":"https:\/\/politicosaldesnudo.com.mx\/index.php\/wp-json\/wp\/v2\/comments?post=47286"}],"version-history":[{"count":0,"href":"https:\/\/politicosaldesnudo.com.mx\/index.php\/wp-json\/wp\/v2\/posts\/47286\/revisions"}],"wp:featuredmedia":[{"embeddable":true,"href":"https:\/\/politicosaldesnudo.com.mx\/index.php\/wp-json\/wp\/v2\/media\/47288"}],"wp:attachment":[{"href":"https:\/\/politicosaldesnudo.com.mx\/index.php\/wp-json\/wp\/v2\/media?parent=47286"}],"wp:term":[{"taxonomy":"category","embeddable":true,"href":"https:\/\/politicosaldesnudo.com.mx\/index.php\/wp-json\/wp\/v2\/categories?post=47286"},{"taxonomy":"post_tag","embeddable":true,"href":"https:\/\/politicosaldesnudo.com.mx\/index.php\/wp-json\/wp\/v2\/tags?post=47286"}],"curies":[{"name":"wp","href":"https:\/\/api.w.org\/{rel}","templated":true}]}}