{"id":47290,"date":"2024-09-29T00:17:38","date_gmt":"2024-09-29T05:17:38","guid":{"rendered":"https:\/\/politicosaldesnudo.com.mx\/?p=47290"},"modified":"2024-09-29T00:37:07","modified_gmt":"2024-09-29T05:37:07","slug":"tuxpan-es-sede-del-foro-de-comercializacion-de-productos-del-programa-sembrando-vida-tuxpan-ver-en-el-marco-del-dia-del-maiz-este-domingo-sembradores-de-tuxpan-castillo-de-tea","status":"publish","type":"post","link":"https:\/\/politicosaldesnudo.com.mx\/index.php\/2024\/09\/29\/tuxpan-es-sede-del-foro-de-comercializacion-de-productos-del-programa-sembrando-vida-tuxpan-ver-en-el-marco-del-dia-del-maiz-este-domingo-sembradores-de-tuxpan-castillo-de-tea\/","title":{"rendered":"Alicia B\u00e1rcena llama a \u00abno olvidar ni normalizar\u00bb ataque a embajada mexicana en Ecuador"},"content":{"rendered":"<div class=\"content-body clearfix \">\n<div id=\"content-body-225-12628603\">\n<p><span style=\"font-size: 14pt;\">La canciller de M\u00e9xico, Alicia B\u00e1rcena, reafirm\u00f3 este s\u00e1bado la condena al Gobierno de Ecuador por el asalto a la embajada mexicana en Quito ocurrido hace casi seis meses, y subray\u00f3 que la comunidad internacional no puede \u00abolvidarlo ni normalizarlo\u00bb.<\/span><\/p>\n<p><span style=\"font-size: 14pt;\">\u00abLas instituciones y reglas que sostienen nuestro sistema internacional son la \u00faltima l\u00ednea antes de la barbarie\u00bb, se\u00f1al\u00f3 B\u00e1rcena en su participaci\u00f3n en la Asamblea General de la ONU, desde la sede del organismo en Nueva York.<\/span><\/p>\n<\/div>\n<\/div>\n<div class=\"advertisment \">\n<div id=\"dfp-nota-1x3s\" data-google-query-id=\"CISZ9_ey54gDFUv6GAIdjcYMJw\">\n<div id=\"google_ads_iframe_\/2000002\/la-prensa\/mexico_nota_1x3_0__container__\">\n<div id=\"inArticle_1\" class=\"st-placement inArticle_1 inArticle\">\n<div class=\"st-adunit st-adunit-tagged st-reset st-show\">\n<div class=\"st-adunit-ad st-reset\">\n<div class=\"st-display-render st-reset open 728x90\">\n<div class=\"st-canvas st-reset horizontal-static\"><span style=\"font-size: 14pt;\">\u00abPor eso, condenamos en\u00e9rgicamente las flagrantes violaciones del actual Gobierno de Ecuador a las normas m\u00e1s b\u00e1sicas de convivencia internacional, a los principios de la Carta de las Naciones Unidas con el asalto ilegal y violento en nuestra embajada en Quito la noche del 5 de abril\u00bb, expuso B\u00e1rcena.<\/span><\/div>\n<\/div>\n<\/div>\n<\/div>\n<\/div>\n<\/div>\n<\/div>\n<\/div>\n","protected":false},"excerpt":{"rendered":"<p>La canciller de M\u00e9xico, Alicia B\u00e1rcena, reafirm\u00f3 este s\u00e1bado la condena al Gobierno de Ecuador por el asalto a la<\/p>\n","protected":false},"author":4,"featured_media":47291,"comment_status":"closed","ping_status":"closed","sticky":false,"template":"","format":"standard","meta":{"colormag_page_container_layout":"default_layout","colormag_page_sidebar_layout":"default_layout","_jetpack_memberships_contains_paid_content":false,"footnotes":"","jetpack_publicize_message":"","jetpack_publicize_feature_enabled":true,"jetpack_social_post_already_shared":false,"jetpack_social_options":{"image_generator_settings":{"template":"highway","default_image_id":0,"font":"","enabled":false},"version":2}},"categories":[28],"tags":[],"class_list":["post-47290","post","type-post","status-publish","format-standard","has-post-thumbnail","hentry","category-internacional"],"jetpack_publicize_connections":[],"jetpack_featured_media_url":"https:\/\/i0.wp.com\/politicosaldesnudo.com.mx\/wp-content\/uploads\/2024\/09\/Alicia-Barcena-2.jpg?fit=768%2C479&ssl=1","jetpack-related-posts":[],"jetpack_sharing_enabled":true,"_links":{"self":[{"href":"https:\/\/politicosaldesnudo.com.mx\/index.php\/wp-json\/wp\/v2\/posts\/47290","targetHints":{"allow":["GET"]}}],"collection":[{"href":"https:\/\/politicosaldesnudo.com.mx\/index.php\/wp-json\/wp\/v2\/posts"}],"about":[{"href":"https:\/\/politicosaldesnudo.com.mx\/index.php\/wp-json\/wp\/v2\/types\/post"}],"author":[{"embeddable":true,"href":"https:\/\/politicosaldesnudo.com.mx\/index.php\/wp-json\/wp\/v2\/users\/4"}],"replies":[{"embeddable":true,"href":"https:\/\/politicosaldesnudo.com.mx\/index.php\/wp-json\/wp\/v2\/comments?post=47290"}],"version-history":[{"count":0,"href":"https:\/\/politicosaldesnudo.com.mx\/index.php\/wp-json\/wp\/v2\/posts\/47290\/revisions"}],"wp:featuredmedia":[{"embeddable":true,"href":"https:\/\/politicosaldesnudo.com.mx\/index.php\/wp-json\/wp\/v2\/media\/47291"}],"wp:attachment":[{"href":"https:\/\/politicosaldesnudo.com.mx\/index.php\/wp-json\/wp\/v2\/media?parent=47290"}],"wp:term":[{"taxonomy":"category","embeddable":true,"href":"https:\/\/politicosaldesnudo.com.mx\/index.php\/wp-json\/wp\/v2\/categories?post=47290"},{"taxonomy":"post_tag","embeddable":true,"href":"https:\/\/politicosaldesnudo.com.mx\/index.php\/wp-json\/wp\/v2\/tags?post=47290"}],"curies":[{"name":"wp","href":"https:\/\/api.w.org\/{rel}","templated":true}]}}