{"id":47317,"date":"2024-09-29T00:34:29","date_gmt":"2024-09-29T05:34:29","guid":{"rendered":"https:\/\/politicosaldesnudo.com.mx\/?p=47317"},"modified":"2024-09-29T00:34:29","modified_gmt":"2024-09-29T05:34:29","slug":"quien-es-alejandro-gertz-manero-el-hombre-de-amlo-que-repetira-al-frente-de-la-fgr","status":"publish","type":"post","link":"https:\/\/politicosaldesnudo.com.mx\/index.php\/2024\/09\/29\/quien-es-alejandro-gertz-manero-el-hombre-de-amlo-que-repetira-al-frente-de-la-fgr\/","title":{"rendered":"Qui\u00e9n es Alejandro Gertz Manero, el hombre de AMLO que repetir\u00e1 al frente de la FGR"},"content":{"rendered":"<p><span style=\"font-size: 14pt;\">Alejandro Gertz Manero\u00a0est\u00e1 activo en el servicio p\u00fablico desde 1968, y a sus 84 a\u00f1os es como el agua, toda vez que se adapta y fluye con quien se encuentre al frente de las riendas del pa\u00eds. Lo hizo con el PRI, el PAN y el PRD, ahora es una distinguida pieza Morena.<\/span><\/p>\n<h2><span style=\"font-size: 14pt;\">Trayectoria acad\u00e9mica<\/span><\/h2>\n<p><span style=\"font-size: 14pt;\">Abogado por la Escuela Libre de Derecho y Doctor en Derecho por la Universidad Nacional Aut\u00f3noma de M\u00e9xico, por University of Mount Union en Ohio, USA y por la Universidad de las Am\u00e9ricas, A.C.<\/span><\/p>\n","protected":false},"excerpt":{"rendered":"<p>Alejandro Gertz Manero\u00a0est\u00e1 activo en el servicio p\u00fablico desde 1968, y a sus 84 a\u00f1os es como el agua, toda<\/p>\n","protected":false},"author":4,"featured_media":47318,"comment_status":"closed","ping_status":"closed","sticky":false,"template":"","format":"standard","meta":{"colormag_page_container_layout":"default_layout","colormag_page_sidebar_layout":"default_layout","_jetpack_memberships_contains_paid_content":false,"footnotes":"","jetpack_publicize_message":"","jetpack_publicize_feature_enabled":true,"jetpack_social_post_already_shared":false,"jetpack_social_options":{"image_generator_settings":{"template":"highway","default_image_id":0,"font":"","enabled":false},"version":2}},"categories":[33],"tags":[],"class_list":["post-47317","post","type-post","status-publish","format-standard","has-post-thumbnail","hentry","category-nacional"],"jetpack_publicize_connections":[],"jetpack_featured_media_url":"https:\/\/i0.wp.com\/politicosaldesnudo.com.mx\/wp-content\/uploads\/2024\/09\/66e886d8d937a.jpeg?fit=756%2C472&ssl=1","jetpack-related-posts":[],"jetpack_sharing_enabled":true,"_links":{"self":[{"href":"https:\/\/politicosaldesnudo.com.mx\/index.php\/wp-json\/wp\/v2\/posts\/47317","targetHints":{"allow":["GET"]}}],"collection":[{"href":"https:\/\/politicosaldesnudo.com.mx\/index.php\/wp-json\/wp\/v2\/posts"}],"about":[{"href":"https:\/\/politicosaldesnudo.com.mx\/index.php\/wp-json\/wp\/v2\/types\/post"}],"author":[{"embeddable":true,"href":"https:\/\/politicosaldesnudo.com.mx\/index.php\/wp-json\/wp\/v2\/users\/4"}],"replies":[{"embeddable":true,"href":"https:\/\/politicosaldesnudo.com.mx\/index.php\/wp-json\/wp\/v2\/comments?post=47317"}],"version-history":[{"count":0,"href":"https:\/\/politicosaldesnudo.com.mx\/index.php\/wp-json\/wp\/v2\/posts\/47317\/revisions"}],"wp:featuredmedia":[{"embeddable":true,"href":"https:\/\/politicosaldesnudo.com.mx\/index.php\/wp-json\/wp\/v2\/media\/47318"}],"wp:attachment":[{"href":"https:\/\/politicosaldesnudo.com.mx\/index.php\/wp-json\/wp\/v2\/media?parent=47317"}],"wp:term":[{"taxonomy":"category","embeddable":true,"href":"https:\/\/politicosaldesnudo.com.mx\/index.php\/wp-json\/wp\/v2\/categories?post=47317"},{"taxonomy":"post_tag","embeddable":true,"href":"https:\/\/politicosaldesnudo.com.mx\/index.php\/wp-json\/wp\/v2\/tags?post=47317"}],"curies":[{"name":"wp","href":"https:\/\/api.w.org\/{rel}","templated":true}]}}