{"id":47326,"date":"2024-09-30T07:05:50","date_gmt":"2024-09-30T12:05:50","guid":{"rendered":"https:\/\/politicosaldesnudo.com.mx\/?p=47326"},"modified":"2024-09-29T22:38:39","modified_gmt":"2024-09-30T03:38:39","slug":"el-tiempo-de-las-mujeres-en-la-politica","status":"publish","type":"post","link":"https:\/\/politicosaldesnudo.com.mx\/index.php\/2024\/09\/30\/el-tiempo-de-las-mujeres-en-la-politica\/","title":{"rendered":"El tiempo de las mujeres en la pol\u00edtica"},"content":{"rendered":"<p style=\"font-weight: 400;\"><strong><span style=\"font-size: 14pt;\">Por: Luis Ram\u00edrez Baqueiro<\/span><\/strong><\/p>\n<p style=\"font-weight: 400;\"><span style=\"font-size: 14pt;\"><em>\u201cNo se le puede dar la mano a quien permanece con el pu\u00f1o cerrado.\u201d \u2013 Indira Gandhi.<\/em><\/span><\/p>\n<p style=\"font-weight: 400;\"><span style=\"font-size: 14pt;\">\u00a0<\/span><span style=\"font-size: 14pt;\">Concluye el mandato del presidente Andr\u00e9s Manuel L\u00f3pez Obrador, muchas cosas se podr\u00e1n decir de su administraci\u00f3n, precursor del cambio de r\u00e9gimen pol\u00edtico y de un paradigma en el que la sociedad se reg\u00eda por el patriarcado social.<\/span><\/p>\n<p style=\"font-weight: 400;\"><span style=\"font-size: 14pt;\">L\u00f3pez Obrador transform\u00f3 las estructuras mentales y las formas de visualizar a las mujeres en la pol\u00edtica, \u00e9l como otros dos grandes pol\u00edticos veracruzanos del siglo XX, sent\u00f3 las bases del cambio de visi\u00f3n de estado.<\/span><\/p>\n<p style=\"font-weight: 400;\"><span style=\"font-size: 14pt;\">Miguel Alem\u00e1n en su momento, posteriormente Adolfo Ruiz Cortines dieron a las mujeres la llave y la posibilidad de su incorporaci\u00f3n paulatina en la pol\u00edtica, avezados en el conocimiento de los tiempos, sab\u00edan que un cambio de golpe en esos momentos de la historia hubiera sido pelear contra un tsunami, pero dejaron la puerta abierta para que L\u00f3pez Obrador la retomara.<\/span><\/p>\n<p style=\"font-weight: 400;\"><span style=\"font-size: 14pt;\">A unas horas de que concluya su mandato, el principal legado por el que quiz\u00e1 se le recordar\u00e1 ser\u00e1 que permiti\u00f3 equiparar a hombres y mujeres en todos los puestos de elecci\u00f3n popular, que trascendencia mejor habr\u00e1 de dejar, que entregarle la banda presidencial a la Dra. Claudia Sheinbaum Pardo, primera mujer presidenta en 200 a\u00f1os de vida independiente como naci\u00f3n.<\/span><\/p>\n<p style=\"font-weight: 400;\"><span style=\"font-size: 14pt;\">Por eso es de llamar la atenci\u00f3n, el comportamiento retr\u00f3grada y hasta insultante que algunos miembros de Morena ejecutan en contra de sus propias compa\u00f1eras de partido.<\/span><\/p>\n<p style=\"font-weight: 400;\"><span style=\"font-size: 14pt;\">El caso Veracruz es el m\u00e1s evidente.<\/span><\/p>\n<p style=\"font-weight: 400;\"><span style=\"font-size: 14pt;\">Les guste o no, Roc\u00edo Nahle Garc\u00eda construy\u00f3 su circunstancia, se abri\u00f3 espacio como millones de mujeres en M\u00e9xico con fuerza y rigor, sobre todo demostrando ser mujeres de convicciones, luchando contra los de afuera como los de casa.<\/span><\/p>\n<p style=\"font-weight: 400;\"><span style=\"font-size: 14pt;\">Hoy cuando en el escenario pol\u00edtico nacional ciertos personajes como Ad\u00e1n Augusto L\u00f3pez Hern\u00e1ndez y Ricardo Monreal \u00c1vila pretenden hacer valer su fuerza pol\u00edtica a base de demostrar quien tiene las talegas m\u00e1s grandes, se les olvida que para ser pol\u00edtica las mujeres deben tener las enaguas muy bien puestas.<\/span><\/p>\n<p style=\"font-weight: 400;\"><span style=\"font-size: 14pt;\">Solo basta recordarles a todos esos machos cabr\u00edos de la des-pol\u00edtica nacional que fueron las mujeres las que, en 2015, 2018, 2021 y 2024 hicieron ganar apabullantemente a Morena.<\/span><\/p>\n<p style=\"font-weight: 400;\"><span style=\"font-size: 14pt;\">Fueron las Sheinbaum, las Nahle, las Tello, las Griego, las que consumaron ese gran logr\u00f3 y si en ese tiempo no las hab\u00edan conocido, pues ahora las van a conocer en abierto.<\/span><\/p>\n<p style=\"font-weight: 400;\"><span style=\"font-size: 14pt;\">Es claro y evidente que, en pol\u00edtica, hay clases, no todos los pol\u00edticos son iguales.<\/span><\/p>\n<p style=\"font-weight: 400;\"><span style=\"font-size: 14pt;\">Un ejemplo nada m\u00e1s para aquellos que andan de madre ardiente festinando lo que en el altiplano anuncian con bombo y platillo, regalando posiciones en comisiones a impresentables, siendo gobernador de Tabasco, Ad\u00e1n Augusto L\u00f3pez Hern\u00e1ndez, la actual gobernadora electa Roc\u00edo Nahle Garc\u00eda pas\u00f3 much\u00edsimo tiempo en Dos Bocas, supervisando la construcci\u00f3n de la Refiner\u00eda Olmeca, y jam\u00e1s, hizo declaraci\u00f3n o acci\u00f3n alguna en Tabasco que afectar\u00e1 o da\u00f1ar\u00e1 la imagen o relaci\u00f3n con el ahora presidente de la Junta de Coordinaci\u00f3n Pol\u00edtica del Senado, en cambio el, en menos de un mes, ha hecho mucho por confrontar a su compa\u00f1era de partido con sus peores enemigos pol\u00edticos.<\/span><\/p>\n<p style=\"font-weight: 400;\"><span style=\"font-size: 14pt;\">Esos que la insultaron, que emplearon la violencia pol\u00edtica de g\u00e9nero como instrumento deleznable para desacreditar su propuesta, cosa que no ocurri\u00f3, pero que s\u00ed evidenci\u00f3 la clase de sujetos que son.<\/span><\/p>\n<p style=\"font-weight: 400;\"><span style=\"font-size: 14pt;\">Pero efectivamente, en pol\u00edtica no todos son iguales. Y Roc\u00edo Nahle Garc\u00eda ha demostrado ser mucho m\u00e1s que ellos, por eso el pueblo de Veracruz le dio una victoria aplastante de m\u00e1s de un mill\u00f3n de votos de diferencia, ante su m\u00e1s cercano competidor.<\/span><\/p>\n<p style=\"font-weight: 400;\"><span style=\"font-size: 14pt;\">Por eso es muy importante se\u00f1alar que los veracruzanos van a tener gobernadora, la misma Roc\u00edo Nahle lo dijo y repiti\u00f3 mil veces, y lo que hagan en la Ciudad de M\u00e9xico, en el Senado y otros lados dar\u00e1 lo mismo, porque en Veracruz va hacer otra cosa, aqu\u00ed la Ley es la Ley y se respetar\u00e1, sin importar militancias, colores o partidos.<\/span><\/p>\n<p style=\"font-weight: 400;\"><span style=\"font-size: 14pt;\">Es tiempo de las mujeres en pol\u00edtica, es tiempo de comprender que ellas por derecho propio han llegado a reclamar los espacios que, por a\u00f1os, solo un grupito de machitos ha pretendido usufructuar para beneficio personal o de grupo.<\/span><\/p>\n<p style=\"font-weight: 400;\"><span style=\"font-size: 14pt;\">Es tiempo de las mujeres en pol\u00edtica porque as\u00ed lo ha querido la sociedad, es por ello, que juntos como sociedad no debemos permitir el retorno de personajes siniestros, viles y tramposos al juego democr\u00e1tico.<\/span><\/p>\n<p style=\"font-weight: 400;\"><span style=\"font-size: 14pt;\">\u00a0<\/span><\/p>\n<p style=\"font-weight: 400;\"><span style=\"font-size: 14pt;\">Al tiempo.<\/span><\/p>\n","protected":false},"excerpt":{"rendered":"<p>Por: Luis Ram\u00edrez Baqueiro \u201cNo se le puede dar la mano a quien permanece con el pu\u00f1o cerrado.\u201d \u2013 Indira<\/p>\n","protected":false},"author":4,"featured_media":38306,"comment_status":"closed","ping_status":"closed","sticky":false,"template":"","format":"standard","meta":{"colormag_page_container_layout":"default_layout","colormag_page_sidebar_layout":"default_layout","_jetpack_memberships_contains_paid_content":false,"footnotes":"","jetpack_publicize_message":"","jetpack_publicize_feature_enabled":true,"jetpack_social_post_already_shared":false,"jetpack_social_options":{"image_generator_settings":{"template":"highway","default_image_id":0,"font":"","enabled":false},"version":2}},"categories":[26],"tags":[],"class_list":["post-47326","post","type-post","status-publish","format-standard","has-post-thumbnail","hentry","category-columnistas"],"jetpack_publicize_connections":[],"jetpack_featured_media_url":"https:\/\/i0.wp.com\/politicosaldesnudo.com.mx\/wp-content\/uploads\/2024\/05\/ASTROLABIO-4.jpg?fit=1816%2C1016&ssl=1","jetpack-related-posts":[],"jetpack_sharing_enabled":true,"_links":{"self":[{"href":"https:\/\/politicosaldesnudo.com.mx\/index.php\/wp-json\/wp\/v2\/posts\/47326","targetHints":{"allow":["GET"]}}],"collection":[{"href":"https:\/\/politicosaldesnudo.com.mx\/index.php\/wp-json\/wp\/v2\/posts"}],"about":[{"href":"https:\/\/politicosaldesnudo.com.mx\/index.php\/wp-json\/wp\/v2\/types\/post"}],"author":[{"embeddable":true,"href":"https:\/\/politicosaldesnudo.com.mx\/index.php\/wp-json\/wp\/v2\/users\/4"}],"replies":[{"embeddable":true,"href":"https:\/\/politicosaldesnudo.com.mx\/index.php\/wp-json\/wp\/v2\/comments?post=47326"}],"version-history":[{"count":0,"href":"https:\/\/politicosaldesnudo.com.mx\/index.php\/wp-json\/wp\/v2\/posts\/47326\/revisions"}],"wp:featuredmedia":[{"embeddable":true,"href":"https:\/\/politicosaldesnudo.com.mx\/index.php\/wp-json\/wp\/v2\/media\/38306"}],"wp:attachment":[{"href":"https:\/\/politicosaldesnudo.com.mx\/index.php\/wp-json\/wp\/v2\/media?parent=47326"}],"wp:term":[{"taxonomy":"category","embeddable":true,"href":"https:\/\/politicosaldesnudo.com.mx\/index.php\/wp-json\/wp\/v2\/categories?post=47326"},{"taxonomy":"post_tag","embeddable":true,"href":"https:\/\/politicosaldesnudo.com.mx\/index.php\/wp-json\/wp\/v2\/tags?post=47326"}],"curies":[{"name":"wp","href":"https:\/\/api.w.org\/{rel}","templated":true}]}}