{"id":47347,"date":"2024-09-30T02:06:13","date_gmt":"2024-09-30T07:06:13","guid":{"rendered":"https:\/\/politicosaldesnudo.com.mx\/?p=47347"},"modified":"2024-09-29T22:59:48","modified_gmt":"2024-09-30T03:59:48","slug":"amlo-inaugura-la-estacion-chetumal-del-tren-maya-pese-a-obras-inconclusas","status":"publish","type":"post","link":"https:\/\/politicosaldesnudo.com.mx\/index.php\/2024\/09\/30\/amlo-inaugura-la-estacion-chetumal-del-tren-maya-pese-a-obras-inconclusas\/","title":{"rendered":"AMLO inaugura la estaci\u00f3n Chetumal del Tren Maya pese a obras inconclusas"},"content":{"rendered":"<p><span style=\"font-size: 14pt;\">El presidente Andr\u00e9s Manuel L\u00f3pez Obrador cort\u00f3 el list\u00f3n inaugural del\u00a0Tren Maya\u00a0en la estaci\u00f3n de Chetumal, Quintana Roo, aunque est\u00e1 con muchas obras en proceso de ser concluidas.\u00a0<\/span><\/p>\n<p><span style=\"font-size: 14pt;\">Durante su discurso, el mandatario destac\u00f3 que el tren se llev\u00f3 a cabo\u00a0en su totalidad con presupuesto p\u00fablico, sin contratar deuda para la que llam\u00f3 la m\u00e1s significativa obra de su gobierno.<\/span><\/p>\n<p><span style=\"font-size: 14pt;\">Aunque en distintas intervenciones previas de miembros del Ej\u00e9rcito, se asegur\u00f3 que el proyecto se sac\u00f3 adelante \u201csin alteraci\u00f3n de presupuestos\u201d, el presidente reconoci\u00f3 que el Tren Maya\u00a0cost\u00f3 poco m\u00e1s de 500,000 millones de pesos, lo cual significa un incremento de 233% m\u00e1s respecto de los 150,000 millones con los que se proyect\u00f3 la obra en el Plan Nacional de Infraestructura del actual gobierno federal.<\/span><\/p>\n<p><span style=\"font-size: 14pt;\">L\u00f3pez Obrador asegur\u00f3 que al inicio de su administraci\u00f3n se recaudaron alrededor de 3.5 billones de pesos en todo el pa\u00eds, mientras que al final de su sexenio se ingresar\u00e1n cerca de 5 billones.<\/span><\/p>\n","protected":false},"excerpt":{"rendered":"<p>El presidente Andr\u00e9s Manuel L\u00f3pez Obrador cort\u00f3 el list\u00f3n inaugural del\u00a0Tren Maya\u00a0en la estaci\u00f3n de Chetumal, Quintana Roo, aunque est\u00e1<\/p>\n","protected":false},"author":4,"featured_media":47348,"comment_status":"closed","ping_status":"closed","sticky":false,"template":"","format":"standard","meta":{"colormag_page_container_layout":"default_layout","colormag_page_sidebar_layout":"default_layout","_jetpack_memberships_contains_paid_content":false,"footnotes":"","jetpack_publicize_message":"","jetpack_publicize_feature_enabled":true,"jetpack_social_post_already_shared":false,"jetpack_social_options":{"image_generator_settings":{"template":"highway","default_image_id":0,"font":"","enabled":false},"version":2}},"categories":[30],"tags":[],"class_list":["post-47347","post","type-post","status-publish","format-standard","has-post-thumbnail","hentry","category-estados"],"jetpack_publicize_connections":[],"jetpack_featured_media_url":"https:\/\/i0.wp.com\/politicosaldesnudo.com.mx\/wp-content\/uploads\/2024\/09\/66f9ca954b7dd.png?fit=756%2C472&ssl=1","jetpack-related-posts":[],"jetpack_sharing_enabled":true,"_links":{"self":[{"href":"https:\/\/politicosaldesnudo.com.mx\/index.php\/wp-json\/wp\/v2\/posts\/47347","targetHints":{"allow":["GET"]}}],"collection":[{"href":"https:\/\/politicosaldesnudo.com.mx\/index.php\/wp-json\/wp\/v2\/posts"}],"about":[{"href":"https:\/\/politicosaldesnudo.com.mx\/index.php\/wp-json\/wp\/v2\/types\/post"}],"author":[{"embeddable":true,"href":"https:\/\/politicosaldesnudo.com.mx\/index.php\/wp-json\/wp\/v2\/users\/4"}],"replies":[{"embeddable":true,"href":"https:\/\/politicosaldesnudo.com.mx\/index.php\/wp-json\/wp\/v2\/comments?post=47347"}],"version-history":[{"count":0,"href":"https:\/\/politicosaldesnudo.com.mx\/index.php\/wp-json\/wp\/v2\/posts\/47347\/revisions"}],"wp:featuredmedia":[{"embeddable":true,"href":"https:\/\/politicosaldesnudo.com.mx\/index.php\/wp-json\/wp\/v2\/media\/47348"}],"wp:attachment":[{"href":"https:\/\/politicosaldesnudo.com.mx\/index.php\/wp-json\/wp\/v2\/media?parent=47347"}],"wp:term":[{"taxonomy":"category","embeddable":true,"href":"https:\/\/politicosaldesnudo.com.mx\/index.php\/wp-json\/wp\/v2\/categories?post=47347"},{"taxonomy":"post_tag","embeddable":true,"href":"https:\/\/politicosaldesnudo.com.mx\/index.php\/wp-json\/wp\/v2\/tags?post=47347"}],"curies":[{"name":"wp","href":"https:\/\/api.w.org\/{rel}","templated":true}]}}