{"id":47399,"date":"2024-09-30T08:46:18","date_gmt":"2024-09-30T13:46:18","guid":{"rendered":"https:\/\/politicosaldesnudo.com.mx\/?p=47399"},"modified":"2024-09-30T08:46:18","modified_gmt":"2024-09-30T13:46:18","slug":"hoy-lunes-se-realizara-la-2a-feria-del-maiz-tuxpan-2024-en-quinta-la-esperanza","status":"publish","type":"post","link":"https:\/\/politicosaldesnudo.com.mx\/index.php\/2024\/09\/30\/hoy-lunes-se-realizara-la-2a-feria-del-maiz-tuxpan-2024-en-quinta-la-esperanza\/","title":{"rendered":"Hoy lunes se realizar\u00e1 la \u201c2\u00aa. Feria del Ma\u00edz Tuxpan 2024\u201d, en Quinta La Esperanza"},"content":{"rendered":"<p><span style=\"font-size: 14pt;\"><em><strong>\u2022 Las actividades inician a partir de las 9:00 horas, destacando una expo-venta.<\/strong><\/em><\/span><\/p>\n<p><span style=\"font-size: 14pt;\">Hoy lunes 30 de septiembre se realizar\u00e1 la segunda edici\u00f3n de la Feria del Ma\u00edz Tuxpan 2024, en la que participar\u00e1n productores de diversos municipios de Veracruz.<\/span><\/p>\n<p><span style=\"font-size: 14pt;\">Con entrada libre, este evento es ideal para disfrutar en familia, y sumergirse en la riqueza cultural de M\u00e9xico a trav\u00e9s de uno de sus productos m\u00e1s representativos: el ma\u00edz.<\/span><\/p>\n<p><span style=\"font-size: 14pt;\">A trav\u00e9s de ponencias y talleres conocer\u00e1s los diferentes tipos de ma\u00edz que se producen en nuestro pa\u00eds, as\u00ed como su importancia cultural e hist\u00f3rica.<\/span><\/p>\n<p><span style=\"font-size: 14pt;\">Tambi\u00e9n habr\u00e1 una muestra gastron\u00f3mica con una amplia variedad de bebidas y comidas hechas a base de ma\u00edz, y se realizar\u00e1 una expo-venta donde podr\u00e1s adquirir productos y subproductos derivados de este cultivo.<\/span><\/p>\n<p><span style=\"font-size: 14pt;\">La feria iniciar\u00e1 a las 9:00 de la ma\u00f1ana en la Quinta \u201cLa Esperanza\u201d ubicada en la calle \u00c1vila Camacho n\u00famero 40, Col. del Valle, y culminar\u00e1 a las 6:00 de la tarde. No faltes.<\/span><\/p>\n<p><img data-recalc-dims=\"1\" loading=\"lazy\" decoding=\"async\" class=\"aligncenter size-large wp-image-47401\" src=\"https:\/\/i0.wp.com\/politicosaldesnudo.com.mx\/wp-content\/uploads\/2024\/09\/WhatsApp-Image-2024-09-29-at-18.49.30-1-790x1024.jpeg?resize=790%2C1024&#038;ssl=1\" alt=\"\" width=\"790\" height=\"1024\" srcset=\"https:\/\/i0.wp.com\/politicosaldesnudo.com.mx\/wp-content\/uploads\/2024\/09\/WhatsApp-Image-2024-09-29-at-18.49.30-1.jpeg?resize=790%2C1024&amp;ssl=1 790w, https:\/\/i0.wp.com\/politicosaldesnudo.com.mx\/wp-content\/uploads\/2024\/09\/WhatsApp-Image-2024-09-29-at-18.49.30-1.jpeg?resize=232%2C300&amp;ssl=1 232w, https:\/\/i0.wp.com\/politicosaldesnudo.com.mx\/wp-content\/uploads\/2024\/09\/WhatsApp-Image-2024-09-29-at-18.49.30-1.jpeg?resize=768%2C995&amp;ssl=1 768w, https:\/\/i0.wp.com\/politicosaldesnudo.com.mx\/wp-content\/uploads\/2024\/09\/WhatsApp-Image-2024-09-29-at-18.49.30-1.jpeg?w=988&amp;ssl=1 988w\" sizes=\"auto, (max-width: 790px) 100vw, 790px\" \/><\/p>\n","protected":false},"excerpt":{"rendered":"<p>\u2022 Las actividades inician a partir de las 9:00 horas, destacando una expo-venta. Hoy lunes 30 de septiembre se realizar\u00e1<\/p>\n","protected":false},"author":4,"featured_media":47400,"comment_status":"closed","ping_status":"closed","sticky":false,"template":"","format":"standard","meta":{"colormag_page_container_layout":"default_layout","colormag_page_sidebar_layout":"default_layout","_jetpack_memberships_contains_paid_content":false,"footnotes":"","jetpack_publicize_message":"","jetpack_publicize_feature_enabled":true,"jetpack_social_post_already_shared":false,"jetpack_social_options":{"image_generator_settings":{"template":"highway","default_image_id":0,"font":"","enabled":false},"version":2}},"categories":[3205,1082],"tags":[],"class_list":["post-47399","post","type-post","status-publish","format-standard","has-post-thumbnail","hentry","category-gobierno-tuxpan","category-tuxpan"],"jetpack_publicize_connections":[],"jetpack_featured_media_url":"https:\/\/i0.wp.com\/politicosaldesnudo.com.mx\/wp-content\/uploads\/2024\/09\/WhatsApp-Image-2024-09-29-at-18.49.30.jpeg?fit=988%2C1280&ssl=1","jetpack-related-posts":[],"jetpack_sharing_enabled":true,"_links":{"self":[{"href":"https:\/\/politicosaldesnudo.com.mx\/index.php\/wp-json\/wp\/v2\/posts\/47399","targetHints":{"allow":["GET"]}}],"collection":[{"href":"https:\/\/politicosaldesnudo.com.mx\/index.php\/wp-json\/wp\/v2\/posts"}],"about":[{"href":"https:\/\/politicosaldesnudo.com.mx\/index.php\/wp-json\/wp\/v2\/types\/post"}],"author":[{"embeddable":true,"href":"https:\/\/politicosaldesnudo.com.mx\/index.php\/wp-json\/wp\/v2\/users\/4"}],"replies":[{"embeddable":true,"href":"https:\/\/politicosaldesnudo.com.mx\/index.php\/wp-json\/wp\/v2\/comments?post=47399"}],"version-history":[{"count":0,"href":"https:\/\/politicosaldesnudo.com.mx\/index.php\/wp-json\/wp\/v2\/posts\/47399\/revisions"}],"wp:featuredmedia":[{"embeddable":true,"href":"https:\/\/politicosaldesnudo.com.mx\/index.php\/wp-json\/wp\/v2\/media\/47400"}],"wp:attachment":[{"href":"https:\/\/politicosaldesnudo.com.mx\/index.php\/wp-json\/wp\/v2\/media?parent=47399"}],"wp:term":[{"taxonomy":"category","embeddable":true,"href":"https:\/\/politicosaldesnudo.com.mx\/index.php\/wp-json\/wp\/v2\/categories?post=47399"},{"taxonomy":"post_tag","embeddable":true,"href":"https:\/\/politicosaldesnudo.com.mx\/index.php\/wp-json\/wp\/v2\/tags?post=47399"}],"curies":[{"name":"wp","href":"https:\/\/api.w.org\/{rel}","templated":true}]}}