{"id":47419,"date":"2024-10-01T00:06:23","date_gmt":"2024-10-01T05:06:23","guid":{"rendered":"https:\/\/politicosaldesnudo.com.mx\/?p=47419"},"modified":"2024-10-01T00:06:23","modified_gmt":"2024-10-01T05:06:23","slug":"suspenderan-labores-el-1-de-octubre-en-ayuntamiento-de-tuxpan","status":"publish","type":"post","link":"https:\/\/politicosaldesnudo.com.mx\/index.php\/2024\/10\/01\/suspenderan-labores-el-1-de-octubre-en-ayuntamiento-de-tuxpan\/","title":{"rendered":"Suspender\u00e1n labores el 1 de octubre en Ayuntamiento de Tuxpan"},"content":{"rendered":"<p><span style=\"font-size: 14pt;\">Con motivo de la Transici\u00f3n\u00a0del Poder Ejecutivo Federal, autoridades municipales anunciaron la suspensi\u00f3n de labores en el Ayuntamiento de Tuxpan este martes 1 de octubre, reanudando actividades el mi\u00e9rcoles 2.<\/span><\/p>\n<p><span style=\"font-size: 14pt;\">Se\u00f1alaron que se trata de un d\u00eda de suspensi\u00f3n para las labores administrativas, mientras que departamentos de seguridad como la Polic\u00eda Municipal, Tr\u00e1nsito, Protecci\u00f3n Civil y Bomberos, as\u00ed como elementos de salud y la oficina del Registro Civil continuar\u00e1n con normalidad su operatividad.\u00a0<\/span><\/p>\n<p><span style=\"font-size: 14pt;\">Dicho d\u00eda de asueto surgi\u00f3 con el objetivo de armonizar la Ley Federal del Trabajo con el art\u00edculo 83 de la Constituci\u00f3n Pol\u00edtica, para establecer que el 1\u00b0 de octubre de cada seis a\u00f1os ser\u00e1 d\u00eda de descanso obligatorio, cuando corresponda la transici\u00f3n del Ejecutivo Federal, con motivo de la toma de protesta de la o el titular de ese.<\/span><\/p>\n<p><span style=\"font-size: 14pt;\">En tanto la Secretar\u00eda de Trabajo y Previsi\u00f3n Social inform\u00f3 que en caso de laborar tal d\u00eda, el trabajador de acuerdo a la Ley Federal del Trabajo debe percibir el salario del d\u00eda m\u00e1s el doble.<\/span><\/p>\n","protected":false},"excerpt":{"rendered":"<p>Con motivo de la Transici\u00f3n\u00a0del Poder Ejecutivo Federal, autoridades municipales anunciaron la suspensi\u00f3n de labores en el Ayuntamiento de Tuxpan<\/p>\n","protected":false},"author":4,"featured_media":47420,"comment_status":"closed","ping_status":"closed","sticky":false,"template":"","format":"standard","meta":{"colormag_page_container_layout":"default_layout","colormag_page_sidebar_layout":"default_layout","_jetpack_memberships_contains_paid_content":false,"footnotes":"","jetpack_publicize_message":"","jetpack_publicize_feature_enabled":true,"jetpack_social_post_already_shared":false,"jetpack_social_options":{"image_generator_settings":{"template":"highway","default_image_id":0,"font":"","enabled":false},"version":2}},"categories":[1082],"tags":[],"class_list":["post-47419","post","type-post","status-publish","format-standard","has-post-thumbnail","hentry","category-tuxpan"],"jetpack_publicize_connections":[],"jetpack_featured_media_url":"https:\/\/i0.wp.com\/politicosaldesnudo.com.mx\/wp-content\/uploads\/2024\/10\/suspenderan-labores-el-1-de-octubre-en-ayuntamiento-de-tuxpan-555317.jpg?fit=800%2C600&ssl=1","jetpack-related-posts":[],"jetpack_sharing_enabled":true,"_links":{"self":[{"href":"https:\/\/politicosaldesnudo.com.mx\/index.php\/wp-json\/wp\/v2\/posts\/47419","targetHints":{"allow":["GET"]}}],"collection":[{"href":"https:\/\/politicosaldesnudo.com.mx\/index.php\/wp-json\/wp\/v2\/posts"}],"about":[{"href":"https:\/\/politicosaldesnudo.com.mx\/index.php\/wp-json\/wp\/v2\/types\/post"}],"author":[{"embeddable":true,"href":"https:\/\/politicosaldesnudo.com.mx\/index.php\/wp-json\/wp\/v2\/users\/4"}],"replies":[{"embeddable":true,"href":"https:\/\/politicosaldesnudo.com.mx\/index.php\/wp-json\/wp\/v2\/comments?post=47419"}],"version-history":[{"count":0,"href":"https:\/\/politicosaldesnudo.com.mx\/index.php\/wp-json\/wp\/v2\/posts\/47419\/revisions"}],"wp:featuredmedia":[{"embeddable":true,"href":"https:\/\/politicosaldesnudo.com.mx\/index.php\/wp-json\/wp\/v2\/media\/47420"}],"wp:attachment":[{"href":"https:\/\/politicosaldesnudo.com.mx\/index.php\/wp-json\/wp\/v2\/media?parent=47419"}],"wp:term":[{"taxonomy":"category","embeddable":true,"href":"https:\/\/politicosaldesnudo.com.mx\/index.php\/wp-json\/wp\/v2\/categories?post=47419"},{"taxonomy":"post_tag","embeddable":true,"href":"https:\/\/politicosaldesnudo.com.mx\/index.php\/wp-json\/wp\/v2\/tags?post=47419"}],"curies":[{"name":"wp","href":"https:\/\/api.w.org\/{rel}","templated":true}]}}