{"id":47455,"date":"2024-10-01T00:36:26","date_gmt":"2024-10-01T05:36:26","guid":{"rendered":"https:\/\/politicosaldesnudo.com.mx\/?p=47455"},"modified":"2024-10-01T00:36:26","modified_gmt":"2024-10-01T05:36:26","slug":"el-mayor-logro-la-reduccion-de-la-pobreza-juan-pablo-de-botton-subsecretario-de-egresos-de-shcp","status":"publish","type":"post","link":"https:\/\/politicosaldesnudo.com.mx\/index.php\/2024\/10\/01\/el-mayor-logro-la-reduccion-de-la-pobreza-juan-pablo-de-botton-subsecretario-de-egresos-de-shcp\/","title":{"rendered":"El mayor logro, la reducci\u00f3n de la pobreza : Juan Pablo de Botton , subsecretario de Egresos de SHCP"},"content":{"rendered":"<p><span style=\"font-size: 14pt;\">\u00abDesde mi punto de vista, el mayor logro fue lograr sacar de la pobreza a 9.5 millones de personas&#8230; las cifras son del Banco Mundial, pero son m\u00e1s, estoy seguro que el pr\u00f3ximo a\u00f1o, cuando se eval\u00faen los datos del 2024, ser\u00e1n mucho m\u00e1s de 10 millones los que salieron de la pobreza en el sexenio\u201d dice Juan Pablo de Botton Falc\u00f3n, en su \u00faltima entrevista como subsecretario de Egresos de la Secretar\u00eda de Hacienda. Este logro fue posible, afirma, porque el gasto en desarrollo social pas\u00f3 de 2.7 billones de pesos en 2019 a 4.4 billones en 2024, \u201cfue un crecimiento de 5.4% por encima de la inflaci\u00f3n, anual\u201d.<\/span><\/p>\n<p><span style=\"font-size: 14pt;\">Juan Pablo de Botton tiene 32 a\u00f1os. Es un hombre al que le gustan las cifras y la tecnolog\u00eda, pero subraya que en el servicio p\u00fablico \u201clos datos y la tecnolog\u00eda deben servir para entender y atender a la gente. Al subsecretario de Egresos le toca hacer que las decisiones que toma el presidente se ejecuten en materia de gasto p\u00fablico. Me gusta pensar, por ejemplo, que con uno de los programas, el de adultos mayores, una pareja de personas de 70 a\u00f1os puede tener cada uno cien pesos diarios\u201d.<\/span><\/p>\n","protected":false},"excerpt":{"rendered":"<p>\u00abDesde mi punto de vista, el mayor logro fue lograr sacar de la pobreza a 9.5 millones de personas&#8230; las<\/p>\n","protected":false},"author":4,"featured_media":47456,"comment_status":"closed","ping_status":"closed","sticky":false,"template":"","format":"standard","meta":{"colormag_page_container_layout":"default_layout","colormag_page_sidebar_layout":"default_layout","_jetpack_memberships_contains_paid_content":false,"footnotes":"","jetpack_publicize_message":"","jetpack_publicize_feature_enabled":true,"jetpack_social_post_already_shared":false,"jetpack_social_options":{"image_generator_settings":{"template":"highway","default_image_id":0,"font":"","enabled":false},"version":2}},"categories":[2050],"tags":[],"class_list":["post-47455","post","type-post","status-publish","format-standard","has-post-thumbnail","hentry","category-economia"],"jetpack_publicize_connections":[],"jetpack_featured_media_url":"https:\/\/i0.wp.com\/politicosaldesnudo.com.mx\/wp-content\/uploads\/2024\/10\/66fb7c54e60d4.jpeg?fit=756%2C472&ssl=1","jetpack-related-posts":[],"jetpack_sharing_enabled":true,"_links":{"self":[{"href":"https:\/\/politicosaldesnudo.com.mx\/index.php\/wp-json\/wp\/v2\/posts\/47455","targetHints":{"allow":["GET"]}}],"collection":[{"href":"https:\/\/politicosaldesnudo.com.mx\/index.php\/wp-json\/wp\/v2\/posts"}],"about":[{"href":"https:\/\/politicosaldesnudo.com.mx\/index.php\/wp-json\/wp\/v2\/types\/post"}],"author":[{"embeddable":true,"href":"https:\/\/politicosaldesnudo.com.mx\/index.php\/wp-json\/wp\/v2\/users\/4"}],"replies":[{"embeddable":true,"href":"https:\/\/politicosaldesnudo.com.mx\/index.php\/wp-json\/wp\/v2\/comments?post=47455"}],"version-history":[{"count":0,"href":"https:\/\/politicosaldesnudo.com.mx\/index.php\/wp-json\/wp\/v2\/posts\/47455\/revisions"}],"wp:featuredmedia":[{"embeddable":true,"href":"https:\/\/politicosaldesnudo.com.mx\/index.php\/wp-json\/wp\/v2\/media\/47456"}],"wp:attachment":[{"href":"https:\/\/politicosaldesnudo.com.mx\/index.php\/wp-json\/wp\/v2\/media?parent=47455"}],"wp:term":[{"taxonomy":"category","embeddable":true,"href":"https:\/\/politicosaldesnudo.com.mx\/index.php\/wp-json\/wp\/v2\/categories?post=47455"},{"taxonomy":"post_tag","embeddable":true,"href":"https:\/\/politicosaldesnudo.com.mx\/index.php\/wp-json\/wp\/v2\/tags?post=47455"}],"curies":[{"name":"wp","href":"https:\/\/api.w.org\/{rel}","templated":true}]}}