{"id":47486,"date":"2024-10-02T00:03:48","date_gmt":"2024-10-02T05:03:48","guid":{"rendered":"https:\/\/politicosaldesnudo.com.mx\/?p=47486"},"modified":"2024-10-01T23:35:51","modified_gmt":"2024-10-02T04:35:51","slug":"peligran-derechos-humanos-en-veracruz","status":"publish","type":"post","link":"https:\/\/politicosaldesnudo.com.mx\/index.php\/2024\/10\/02\/peligran-derechos-humanos-en-veracruz\/","title":{"rendered":"Peligran Derechos Humanos en Veracruz"},"content":{"rendered":"<p><span style=\"font-size: 14pt;\">Tan solo en el 2023 la Comisi\u00f3n Estatal de Derechos Humanos del Estado de Veracruz atendi\u00f3 un total de 8 mil 121 solicitudes de intervenci\u00f3n de quejas y presuntas violaciones a los derechos humanos.<\/span><\/p>\n<p><span style=\"font-size: 14pt;\">En tanto Tuxpan con 483 solicitudes se ubic\u00f3 como el cuarto municipio con mayor n\u00famero de intervenci\u00f3n ante casos de violaciones a los derechos humanos en el Estado de Veracruz, mientras que los municipios de Xalapa, Coatzacoalcos y Veracruz Puerto fueron los de mayor incidencia\u00a0 con 1301 solicitudes, 1064 y 804 reportes, respectivamente.\u00a0<\/span><\/p>\n<p><span style=\"font-size: 14pt;\">La Fiscal\u00eda General del Estado, los Ayuntamientos, la Secretar\u00eda de Educaci\u00f3n de Veracruz y la Secretar\u00eda de Seguridad P\u00fablica, son las dependencias m\u00e1s se\u00f1aladas como presuntas responsables de violaciones de los Derechos Humanos, mientras que los cuatro derechos con mayor incidencia de violaci\u00f3n en la Entidad, son el derecho a la integridad, derecho a la seguridad jur\u00eddica, derecho de la victima o la persona ofendida y derecho a la libertad y seguridad personal.<\/span><\/p>\n","protected":false},"excerpt":{"rendered":"<p>Tan solo en el 2023 la Comisi\u00f3n Estatal de Derechos Humanos del Estado de Veracruz atendi\u00f3 un total de 8<\/p>\n","protected":false},"author":4,"featured_media":47487,"comment_status":"closed","ping_status":"closed","sticky":false,"template":"","format":"standard","meta":{"colormag_page_container_layout":"default_layout","colormag_page_sidebar_layout":"default_layout","_jetpack_memberships_contains_paid_content":false,"footnotes":"","jetpack_publicize_message":"","jetpack_publicize_feature_enabled":true,"jetpack_social_post_already_shared":false,"jetpack_social_options":{"image_generator_settings":{"template":"highway","default_image_id":0,"font":"","enabled":false},"version":2}},"categories":[1082],"tags":[],"class_list":["post-47486","post","type-post","status-publish","format-standard","has-post-thumbnail","hentry","category-tuxpan"],"jetpack_publicize_connections":[],"jetpack_featured_media_url":"https:\/\/i0.wp.com\/politicosaldesnudo.com.mx\/wp-content\/uploads\/2024\/10\/peligran-derechos-humanos-en-veracruz-555668.jpg?fit=800%2C600&ssl=1","jetpack-related-posts":[],"jetpack_sharing_enabled":true,"_links":{"self":[{"href":"https:\/\/politicosaldesnudo.com.mx\/index.php\/wp-json\/wp\/v2\/posts\/47486","targetHints":{"allow":["GET"]}}],"collection":[{"href":"https:\/\/politicosaldesnudo.com.mx\/index.php\/wp-json\/wp\/v2\/posts"}],"about":[{"href":"https:\/\/politicosaldesnudo.com.mx\/index.php\/wp-json\/wp\/v2\/types\/post"}],"author":[{"embeddable":true,"href":"https:\/\/politicosaldesnudo.com.mx\/index.php\/wp-json\/wp\/v2\/users\/4"}],"replies":[{"embeddable":true,"href":"https:\/\/politicosaldesnudo.com.mx\/index.php\/wp-json\/wp\/v2\/comments?post=47486"}],"version-history":[{"count":0,"href":"https:\/\/politicosaldesnudo.com.mx\/index.php\/wp-json\/wp\/v2\/posts\/47486\/revisions"}],"wp:featuredmedia":[{"embeddable":true,"href":"https:\/\/politicosaldesnudo.com.mx\/index.php\/wp-json\/wp\/v2\/media\/47487"}],"wp:attachment":[{"href":"https:\/\/politicosaldesnudo.com.mx\/index.php\/wp-json\/wp\/v2\/media?parent=47486"}],"wp:term":[{"taxonomy":"category","embeddable":true,"href":"https:\/\/politicosaldesnudo.com.mx\/index.php\/wp-json\/wp\/v2\/categories?post=47486"},{"taxonomy":"post_tag","embeddable":true,"href":"https:\/\/politicosaldesnudo.com.mx\/index.php\/wp-json\/wp\/v2\/tags?post=47486"}],"curies":[{"name":"wp","href":"https:\/\/api.w.org\/{rel}","templated":true}]}}