{"id":47495,"date":"2024-10-02T00:06:29","date_gmt":"2024-10-02T05:06:29","guid":{"rendered":"https:\/\/politicosaldesnudo.com.mx\/?p=47495"},"modified":"2024-10-01T23:45:56","modified_gmt":"2024-10-02T04:45:56","slug":"avion-que-transporta-a-lula-tiene-problemas-tecnicos-y-vuelve-a-mexico","status":"publish","type":"post","link":"https:\/\/politicosaldesnudo.com.mx\/index.php\/2024\/10\/02\/avion-que-transporta-a-lula-tiene-problemas-tecnicos-y-vuelve-a-mexico\/","title":{"rendered":"Avi\u00f3n que transporta a Lula tiene problemas t\u00e9cnicos y vuelve a M\u00e9xico"},"content":{"rendered":"<div>\n<div id=\"content-body-225-12641974\">\n<p><span style=\"font-size: 14pt;\">El avi\u00f3n que transportaba al\u00a0presidente de Brasil, Luiz In\u00e1cio Lula da Silva, ha estado dando vueltas en el aire debido a un problema t\u00e9cnico que se encontr\u00f3 tras partir de Ciudad de M\u00e9xico, seg\u00fan inform\u00f3 la Fuerza A\u00e9rea Brasile\u00f1a en un comunicado emitido el martes por la tarde.<\/span><\/p>\n<p><span style=\"font-size: 14pt;\">Los pilotos del\u00a0avi\u00f3n\u00a0est\u00e1n a la espera de consumir combustible antes de aterrizar en el mismo aeropuerto, seg\u00fan el comunicado, que a\u00f1adi\u00f3 que se espera que Lula utilice un avi\u00f3n diferente para regresar a\u00a0Brasil.<\/span><\/p>\n<\/div>\n<\/div>\n<div>\n<div id=\"dfp-nota-1x1s\" data-google-query-id=\"CPeEmb7x7ogDFWH09QIdYUgz8A\">\n<div id=\"google_ads_iframe_\/2000002\/la-prensa\/mexico_nota_1x1_0__container__\"><span style=\"font-size: 14pt;\">Lula realiz\u00f3 una visita oficial\u00a0a M\u00e9xico para asistir a la investidura presidencial de Claudia Sheinbaum\u00a0este martes.<\/span><\/div>\n<\/div>\n<\/div>\n","protected":false},"excerpt":{"rendered":"<p>El avi\u00f3n que transportaba al\u00a0presidente de Brasil, Luiz In\u00e1cio Lula da Silva, ha estado dando vueltas en el aire debido<\/p>\n","protected":false},"author":4,"featured_media":47496,"comment_status":"closed","ping_status":"closed","sticky":false,"template":"","format":"standard","meta":{"colormag_page_container_layout":"default_layout","colormag_page_sidebar_layout":"default_layout","_jetpack_memberships_contains_paid_content":false,"footnotes":"","jetpack_publicize_message":"","jetpack_publicize_feature_enabled":true,"jetpack_social_post_already_shared":false,"jetpack_social_options":{"image_generator_settings":{"template":"highway","default_image_id":0,"font":"","enabled":false},"version":2}},"categories":[28],"tags":[],"class_list":["post-47495","post","type-post","status-publish","format-standard","has-post-thumbnail","hentry","category-internacional"],"jetpack_publicize_connections":[],"jetpack_featured_media_url":"https:\/\/i0.wp.com\/politicosaldesnudo.com.mx\/wp-content\/uploads\/2024\/10\/Lula-da-Silva-Presidente-de-Brasil.png?fit=768%2C479&ssl=1","jetpack-related-posts":[],"jetpack_sharing_enabled":true,"_links":{"self":[{"href":"https:\/\/politicosaldesnudo.com.mx\/index.php\/wp-json\/wp\/v2\/posts\/47495","targetHints":{"allow":["GET"]}}],"collection":[{"href":"https:\/\/politicosaldesnudo.com.mx\/index.php\/wp-json\/wp\/v2\/posts"}],"about":[{"href":"https:\/\/politicosaldesnudo.com.mx\/index.php\/wp-json\/wp\/v2\/types\/post"}],"author":[{"embeddable":true,"href":"https:\/\/politicosaldesnudo.com.mx\/index.php\/wp-json\/wp\/v2\/users\/4"}],"replies":[{"embeddable":true,"href":"https:\/\/politicosaldesnudo.com.mx\/index.php\/wp-json\/wp\/v2\/comments?post=47495"}],"version-history":[{"count":0,"href":"https:\/\/politicosaldesnudo.com.mx\/index.php\/wp-json\/wp\/v2\/posts\/47495\/revisions"}],"wp:featuredmedia":[{"embeddable":true,"href":"https:\/\/politicosaldesnudo.com.mx\/index.php\/wp-json\/wp\/v2\/media\/47496"}],"wp:attachment":[{"href":"https:\/\/politicosaldesnudo.com.mx\/index.php\/wp-json\/wp\/v2\/media?parent=47495"}],"wp:term":[{"taxonomy":"category","embeddable":true,"href":"https:\/\/politicosaldesnudo.com.mx\/index.php\/wp-json\/wp\/v2\/categories?post=47495"},{"taxonomy":"post_tag","embeddable":true,"href":"https:\/\/politicosaldesnudo.com.mx\/index.php\/wp-json\/wp\/v2\/tags?post=47495"}],"curies":[{"name":"wp","href":"https:\/\/api.w.org\/{rel}","templated":true}]}}