{"id":47541,"date":"2024-10-02T08:13:48","date_gmt":"2024-10-02T13:13:48","guid":{"rendered":"https:\/\/politicosaldesnudo.com.mx\/?p=47541"},"modified":"2024-10-02T08:13:48","modified_gmt":"2024-10-02T13:13:48","slug":"llegan-todas-las-mujeres-al-poder","status":"publish","type":"post","link":"https:\/\/politicosaldesnudo.com.mx\/index.php\/2024\/10\/02\/llegan-todas-las-mujeres-al-poder\/","title":{"rendered":"Llegan todas las mujeres al poder"},"content":{"rendered":"<p><strong><span style=\"font-size: 14pt;\">Por \u00c1ngel \u00c1lvaro Pe\u00f1a<\/span><\/strong><\/p>\n<p><span style=\"font-size: 14pt;\">La oposici\u00f3n clasista y discriminadora ahora se dice discriminada porque no se le toma en cuenta. Primero alg\u00fan ex secretario del Trabajo de Calder\u00f3n protest\u00f3 en los medios porque no se les menciona, el d\u00eda de la toma de posesi\u00f3n de la Presidenta Claudia Sheinbaum el l\u00edder del PAN reclama no ser mencionada la mano extendida que lo que queda de su partido, ofreci\u00f3.<\/span><\/p>\n<p><span style=\"font-size: 14pt;\">Lo cierto es que M\u00e9xico, incluyendo a los simpatizantes de la 4T, desea una oposici\u00f3n s\u00f3lida y honesta y no como la que encabezan el PRI, el PAN y MC. Se pasaron un sexenio sin propuestas encabezaron las discusiones que nunca tuvieron la categor\u00eda de debate, personajes con delitos cargando a sus espaldas. Entre sospechas, especulaciones y evidencias. La mayor\u00eda de los l\u00edderes de la oposici\u00f3n en alg\u00fan momento de sus vidas fueron acusados de delitos.<\/span><\/p>\n<p><span style=\"font-size: 14pt;\">Lo real es que no hay oposici\u00f3n competitiva, ni cuadros, ni l\u00edderes, ni candidatos. Dicen ser excluidos, quienes los excluy\u00f3 de la pol\u00edtica fueron los mexicanos, ante quienes no supieron ganarse sus simpat\u00edas. A los que, incluso, enga\u00f1aron una y otra vez en los discursos de campa\u00f1a de candidatos de caricatura, que s\u00f3lo animaban la inconformidad pero no atra\u00edan por sus propuestas sino por la necesidad de canalizar en el voto, los desacuerdos naturales con el gobierno.<\/span><\/p>\n<p><span style=\"font-size: 14pt;\">Fue precisamente la discriminaci\u00f3n que identifica a los conservadores, la que ahora padecen, pero no por su pobreza, color de piel, o ropa que no es de marca, sino por algo que no tiene precio y, por lo tanto, no puede adquirirse en ninguna tienda: la vocaci\u00f3n de servicio, sin la cual no hay empat\u00eda con la poblaci\u00f3n. As\u00ed, los discriminadores resultaron discriminados, y se quejan amargamente de la marginaci\u00f3n que ellos mismos provocaron.<\/span><\/p>\n<p><span style=\"font-size: 14pt;\">Debe resaltarse que en el discurso de la Presidenta la m\u00e1s cercana alusi\u00f3n a la oposici\u00f3n fue la menci\u00f3n de la Suprema Corte de Justicia, cuyos trabajadores y asociados tienen m\u00e1s presencia en las calles y en los medios que los militantes de cualquiera de esos tres partidos.<\/span><\/p>\n<p><span style=\"font-size: 14pt;\">La toma de posesi\u00f3n de la Presidenta convoc\u00f3 a la unidad, en la cual no hay diferencias entre la poblaci\u00f3n. La cohesi\u00f3n social debe ser natural en todos los seres humanos, m\u00e1s a\u00fan dentro de un pa\u00eds. Claudia Sheinbaum invit\u00f3 a las mujeres a tomar el poder conjuntamente con ella, quien dijo claro y fuerte: \u201cNo lleg\u00f3 sola, llegamos todas\u201d.<\/span><\/p>\n<p><span style=\"font-size: 14pt;\">Sus palabras son una convocatoria permanente a la unidad, a que se entienda que la oposici\u00f3n es complemento y no enemistad eterna. En todo caso hay contrincantes debido a la diferencia de ideas, que tambi\u00e9n deben armonizar para caminar juntos.<\/span><\/p>\n<p><span style=\"font-size: 14pt;\">\u201cSoy madre, abuela, cient\u00edfica y mujer de fe. Y a partir de hoy, por voluntad del pueblo de M\u00e9xico, la presidenta constitucional de los Estados Unidos Mexicanos. Gobernar\u00e9 para todos y para todas y tengan la certeza de que pondr\u00e9 mi conocimiento, mi fuerza, mi historia y mi vida misma al servicio del pueblo y de la patria. Tengo la certeza de que consolidaremos juntas y juntos un M\u00e9xico cada d\u00eda m\u00e1s pr\u00f3spero, libre, democr\u00e1tico, soberano y justo. No les voy a defraudar\u201d. Esto dijo al final de su discurso de toma de posesi\u00f3n.<\/span><\/p>\n<p><span style=\"font-size: 14pt;\">La oposici\u00f3n parece no haber entendido que en la pol\u00edtica lo posible es lo que concreta lo tangible, lo que se logra es esfuerzo de todos y no un dique de contenci\u00f3n de todo lo que el gobierno proyecta. La pol\u00edtica es debate y no una arena de gladiadores que lucha a muerte por tener la raz\u00f3n. Si no se entiende esto, entonces, de los pocos que son, quedar\u00e1n cada d\u00eda menos opositores. M\u00e9xico y la democracia exige una verdadera oposici\u00f3n.<\/span><\/p>\n<p><span style=\"font-size: 14pt;\">PEGA Y CORRE.- Camina el proyecto de la semana laboral de 40 horas que deber\u00e1 instalarse lo m\u00e1s pronto posible, como logro laboral de los mexicanos, aunque, desde hace a\u00f1os, la oposici\u00f3n de algunos empresarios se opone sistem\u00e1ticamente a este derecho&#8230;Esta columna se publica los lunes, mi\u00e9rcoles y viernes.<\/span><\/p>\n","protected":false},"excerpt":{"rendered":"<p>Por \u00c1ngel \u00c1lvaro Pe\u00f1a La oposici\u00f3n clasista y discriminadora ahora se dice discriminada porque no se le toma en cuenta.<\/p>\n","protected":false},"author":4,"featured_media":37774,"comment_status":"closed","ping_status":"closed","sticky":false,"template":"","format":"standard","meta":{"colormag_page_container_layout":"default_layout","colormag_page_sidebar_layout":"default_layout","_jetpack_memberships_contains_paid_content":false,"footnotes":"","jetpack_publicize_message":"","jetpack_publicize_feature_enabled":true,"jetpack_social_post_already_shared":false,"jetpack_social_options":{"image_generator_settings":{"template":"highway","default_image_id":0,"font":"","enabled":false},"version":2}},"categories":[26],"tags":[],"class_list":["post-47541","post","type-post","status-publish","format-standard","has-post-thumbnail","hentry","category-columnistas"],"jetpack_publicize_connections":[],"jetpack_featured_media_url":"https:\/\/i0.wp.com\/politicosaldesnudo.com.mx\/wp-content\/uploads\/2024\/05\/LOPEZ-DORIGA-LOGO-2.jpeg?fit=800%2C445&ssl=1","jetpack-related-posts":[],"jetpack_sharing_enabled":true,"_links":{"self":[{"href":"https:\/\/politicosaldesnudo.com.mx\/index.php\/wp-json\/wp\/v2\/posts\/47541","targetHints":{"allow":["GET"]}}],"collection":[{"href":"https:\/\/politicosaldesnudo.com.mx\/index.php\/wp-json\/wp\/v2\/posts"}],"about":[{"href":"https:\/\/politicosaldesnudo.com.mx\/index.php\/wp-json\/wp\/v2\/types\/post"}],"author":[{"embeddable":true,"href":"https:\/\/politicosaldesnudo.com.mx\/index.php\/wp-json\/wp\/v2\/users\/4"}],"replies":[{"embeddable":true,"href":"https:\/\/politicosaldesnudo.com.mx\/index.php\/wp-json\/wp\/v2\/comments?post=47541"}],"version-history":[{"count":0,"href":"https:\/\/politicosaldesnudo.com.mx\/index.php\/wp-json\/wp\/v2\/posts\/47541\/revisions"}],"wp:featuredmedia":[{"embeddable":true,"href":"https:\/\/politicosaldesnudo.com.mx\/index.php\/wp-json\/wp\/v2\/media\/37774"}],"wp:attachment":[{"href":"https:\/\/politicosaldesnudo.com.mx\/index.php\/wp-json\/wp\/v2\/media?parent=47541"}],"wp:term":[{"taxonomy":"category","embeddable":true,"href":"https:\/\/politicosaldesnudo.com.mx\/index.php\/wp-json\/wp\/v2\/categories?post=47541"},{"taxonomy":"post_tag","embeddable":true,"href":"https:\/\/politicosaldesnudo.com.mx\/index.php\/wp-json\/wp\/v2\/tags?post=47541"}],"curies":[{"name":"wp","href":"https:\/\/api.w.org\/{rel}","templated":true}]}}