{"id":47565,"date":"2024-10-03T00:04:25","date_gmt":"2024-10-03T05:04:25","guid":{"rendered":"https:\/\/politicosaldesnudo.com.mx\/?p=47565"},"modified":"2024-10-03T00:08:13","modified_gmt":"2024-10-03T05:08:13","slug":"israel-declara-persona-non-grata-a-antonio-guterres-secretario-general-de-la-onu","status":"publish","type":"post","link":"https:\/\/politicosaldesnudo.com.mx\/index.php\/2024\/10\/03\/israel-declara-persona-non-grata-a-antonio-guterres-secretario-general-de-la-onu\/","title":{"rendered":"Israel declara persona non grata a Antonio Guterres, secretario general de la ONU"},"content":{"rendered":"<p><span style=\"font-size: 14pt;\">Israel\u00a0declar\u00f3 este mi\u00e9rcoles \u00abpersona non grata\u00bb al secretario general de la ONU,\u00a0Antonio Guterres, por no condenar \u00abde forma inequ\u00edvoca\u00bb el ataque bal\u00edstico de Ir\u00e1n a territorio israel\u00ed la v\u00edspera.<\/span><\/p>\n<p><span style=\"font-size: 14pt;\">\u00abCualquiera que sea incapaz de condenar de manera inequ\u00edvoca el ataque odioso de Ir\u00e1n a Israel no merece pisar suelo israel\u00ed. Este secretario general est\u00e1 contra Israel, y apoya a terroristas, violadores y asesinos\u00bb, dijo en un comunicado el canciller Israel Katz.<\/span><\/p>\n","protected":false},"excerpt":{"rendered":"<p>Israel\u00a0declar\u00f3 este mi\u00e9rcoles \u00abpersona non grata\u00bb al secretario general de la ONU,\u00a0Antonio Guterres, por no condenar \u00abde forma inequ\u00edvoca\u00bb el<\/p>\n","protected":false},"author":4,"featured_media":47568,"comment_status":"closed","ping_status":"closed","sticky":false,"template":"","format":"standard","meta":{"colormag_page_container_layout":"default_layout","colormag_page_sidebar_layout":"default_layout","_jetpack_memberships_contains_paid_content":false,"footnotes":"","jetpack_publicize_message":"","jetpack_publicize_feature_enabled":true,"jetpack_social_post_already_shared":false,"jetpack_social_options":{"image_generator_settings":{"template":"highway","default_image_id":0,"font":"","enabled":false},"version":2}},"categories":[28],"tags":[],"class_list":["post-47565","post","type-post","status-publish","format-standard","has-post-thumbnail","hentry","category-internacional"],"jetpack_publicize_connections":[],"jetpack_featured_media_url":"https:\/\/i0.wp.com\/politicosaldesnudo.com.mx\/wp-content\/uploads\/2024\/10\/Antonio-Guterres-ONU.jpg?fit=768%2C479&ssl=1","jetpack-related-posts":[],"jetpack_sharing_enabled":true,"_links":{"self":[{"href":"https:\/\/politicosaldesnudo.com.mx\/index.php\/wp-json\/wp\/v2\/posts\/47565","targetHints":{"allow":["GET"]}}],"collection":[{"href":"https:\/\/politicosaldesnudo.com.mx\/index.php\/wp-json\/wp\/v2\/posts"}],"about":[{"href":"https:\/\/politicosaldesnudo.com.mx\/index.php\/wp-json\/wp\/v2\/types\/post"}],"author":[{"embeddable":true,"href":"https:\/\/politicosaldesnudo.com.mx\/index.php\/wp-json\/wp\/v2\/users\/4"}],"replies":[{"embeddable":true,"href":"https:\/\/politicosaldesnudo.com.mx\/index.php\/wp-json\/wp\/v2\/comments?post=47565"}],"version-history":[{"count":0,"href":"https:\/\/politicosaldesnudo.com.mx\/index.php\/wp-json\/wp\/v2\/posts\/47565\/revisions"}],"wp:featuredmedia":[{"embeddable":true,"href":"https:\/\/politicosaldesnudo.com.mx\/index.php\/wp-json\/wp\/v2\/media\/47568"}],"wp:attachment":[{"href":"https:\/\/politicosaldesnudo.com.mx\/index.php\/wp-json\/wp\/v2\/media?parent=47565"}],"wp:term":[{"taxonomy":"category","embeddable":true,"href":"https:\/\/politicosaldesnudo.com.mx\/index.php\/wp-json\/wp\/v2\/categories?post=47565"},{"taxonomy":"post_tag","embeddable":true,"href":"https:\/\/politicosaldesnudo.com.mx\/index.php\/wp-json\/wp\/v2\/tags?post=47565"}],"curies":[{"name":"wp","href":"https:\/\/api.w.org\/{rel}","templated":true}]}}