{"id":47569,"date":"2024-10-03T00:11:01","date_gmt":"2024-10-03T05:11:01","guid":{"rendered":"https:\/\/politicosaldesnudo.com.mx\/?p=47569"},"modified":"2024-10-03T00:11:07","modified_gmt":"2024-10-03T05:11:07","slug":"acapulco-estima-danos-por-50000-millones-de-pesos","status":"publish","type":"post","link":"https:\/\/politicosaldesnudo.com.mx\/index.php\/2024\/10\/03\/acapulco-estima-danos-por-50000-millones-de-pesos\/","title":{"rendered":"Acapulco estima da\u00f1os por 50,000 millones de pesos"},"content":{"rendered":"<p><span style=\"font-size: 14pt;\">El hurac\u00e1n John caus\u00f3 da\u00f1os estimados en 50,000 millones de pesos en Acapulco, seg\u00fan el c\u00e1lculo preliminar del gobierno municipal.\u00a0\u00a0<\/span><\/p>\n<p><span style=\"font-size: 14pt;\">Ante este panorama, la presidenta municipal, Abelina L\u00f3pez Rodr\u00edguez, sostuvo una reuni\u00f3n con integrantes del gabinete federal, la tarde de este mi\u00e9rcoles, para definir las estrategias de recuperaci\u00f3n econ\u00f3mica y social del puerto.<\/span><\/p>\n<p><span style=\"font-size: 14pt;\">Previo a la llegada de la presidenta Claudia Sheinbaum a Guerrero, la reuni\u00f3n, llevada a cabo en la Base Naval de Acapulco, cont\u00f3 con la participaci\u00f3n de los titulares de la Secretar\u00eda de Marina, Raymundo Pedro Morales \u00c1ngeles; de la Secretar\u00eda de Econom\u00eda, Marcelo Ebrard; de Salud, David Kershenobich, as\u00ed como el director general del IMSS, Zo\u00e9 Robledo.<\/span><\/p>\n<p><span style=\"font-size: 14pt;\">Lo anterior, con el objetivo principal de coordinar esfuerzos para mitigar el impacto en sectores como el turismo, el comercio y los servicios, los cuales est\u00e1n gravemente afectados por el fen\u00f3meno meteorol\u00f3gico.<\/span><\/p>\n","protected":false},"excerpt":{"rendered":"<p>El hurac\u00e1n John caus\u00f3 da\u00f1os estimados en 50,000 millones de pesos en Acapulco, seg\u00fan el c\u00e1lculo preliminar del gobierno municipal.\u00a0\u00a0<\/p>\n","protected":false},"author":4,"featured_media":47570,"comment_status":"closed","ping_status":"closed","sticky":false,"template":"","format":"standard","meta":{"colormag_page_container_layout":"default_layout","colormag_page_sidebar_layout":"default_layout","_jetpack_memberships_contains_paid_content":false,"footnotes":"","jetpack_publicize_message":"","jetpack_publicize_feature_enabled":true,"jetpack_social_post_already_shared":false,"jetpack_social_options":{"image_generator_settings":{"template":"highway","default_image_id":0,"font":"","enabled":false},"version":2}},"categories":[30],"tags":[],"class_list":["post-47569","post","type-post","status-publish","format-standard","has-post-thumbnail","hentry","category-estados"],"jetpack_publicize_connections":[],"jetpack_featured_media_url":"https:\/\/i0.wp.com\/politicosaldesnudo.com.mx\/wp-content\/uploads\/2024\/10\/66f860b131044.png?fit=756%2C472&ssl=1","jetpack-related-posts":[],"jetpack_sharing_enabled":true,"_links":{"self":[{"href":"https:\/\/politicosaldesnudo.com.mx\/index.php\/wp-json\/wp\/v2\/posts\/47569","targetHints":{"allow":["GET"]}}],"collection":[{"href":"https:\/\/politicosaldesnudo.com.mx\/index.php\/wp-json\/wp\/v2\/posts"}],"about":[{"href":"https:\/\/politicosaldesnudo.com.mx\/index.php\/wp-json\/wp\/v2\/types\/post"}],"author":[{"embeddable":true,"href":"https:\/\/politicosaldesnudo.com.mx\/index.php\/wp-json\/wp\/v2\/users\/4"}],"replies":[{"embeddable":true,"href":"https:\/\/politicosaldesnudo.com.mx\/index.php\/wp-json\/wp\/v2\/comments?post=47569"}],"version-history":[{"count":0,"href":"https:\/\/politicosaldesnudo.com.mx\/index.php\/wp-json\/wp\/v2\/posts\/47569\/revisions"}],"wp:featuredmedia":[{"embeddable":true,"href":"https:\/\/politicosaldesnudo.com.mx\/index.php\/wp-json\/wp\/v2\/media\/47570"}],"wp:attachment":[{"href":"https:\/\/politicosaldesnudo.com.mx\/index.php\/wp-json\/wp\/v2\/media?parent=47569"}],"wp:term":[{"taxonomy":"category","embeddable":true,"href":"https:\/\/politicosaldesnudo.com.mx\/index.php\/wp-json\/wp\/v2\/categories?post=47569"},{"taxonomy":"post_tag","embeddable":true,"href":"https:\/\/politicosaldesnudo.com.mx\/index.php\/wp-json\/wp\/v2\/tags?post=47569"}],"curies":[{"name":"wp","href":"https:\/\/api.w.org\/{rel}","templated":true}]}}