{"id":47627,"date":"2024-10-04T00:03:26","date_gmt":"2024-10-04T05:03:26","guid":{"rendered":"https:\/\/politicosaldesnudo.com.mx\/?p=47627"},"modified":"2024-10-04T00:00:36","modified_gmt":"2024-10-04T05:00:36","slug":"recomendaciones-ante-vientos-fuertes","status":"publish","type":"post","link":"https:\/\/politicosaldesnudo.com.mx\/index.php\/2024\/10\/04\/recomendaciones-ante-vientos-fuertes\/","title":{"rendered":"Recomendaciones ante vientos fuertes"},"content":{"rendered":"<p><span style=\"font-size: 14pt;\">Durante la temporada de Frentes Fr\u00edos, es com\u00fan la presencia de lluvias acompa\u00f1adas de vientos fuertes que puedan superar los 60 kil\u00f3metros por hora, por lo que es importante tomar medidas de precauci\u00f3n para protegerse\u00a0<\/span><\/p>\n<p><span style=\"font-size: 14pt;\">Si en tu localidad se presentan vientos fuertes y est\u00e1s en la calle te sugerimos seguir las siguientes recomendaciones para evitar accidentes:<\/span><\/p>\n<ul>\n<li><span style=\"font-size: 14pt;\">Al\u00e9jate de casas viejas o en mal estado.<\/span><\/li>\n<li><span style=\"font-size: 14pt;\">Evita los muros, techos endebles y ligeros, as\u00ed como las vallas publicitarias, y si vives cerca de uno mantente alerta<\/span><\/li>\n<li><span style=\"font-size: 14pt;\">Al\u00e9jate de los \u00e1rboles ya que las grandes ramas podr\u00edan romperse y caer.<\/span><\/li>\n<li><span style=\"font-size: 14pt;\">Evita transitar por parques o avenidas arboladas.<\/span><\/li>\n<li><span style=\"font-size: 14pt;\">No pases por debajo de andamios o edificios en construcci\u00f3n.<\/span><\/li>\n<li><span style=\"font-size: 14pt;\">Ap\u00e1rtate del cableado el\u00e9ctrico, as\u00ed como de espectaculares que puedan caer.<\/span><\/li>\n<li><span style=\"font-size: 14pt;\">Cubre tus ojos, nariz y boca para evitar enfermedades.<\/span><\/li>\n<\/ul>\n<p><span style=\"font-size: 14pt;\">Recuerda que la seguridad es lo m\u00e1s importante, si es necesario, sigue las instrucciones de las autoridades locales y mantente informado sobre las condiciones clim\u00e1ticas.<\/span><\/p>\n","protected":false},"excerpt":{"rendered":"<p>Durante la temporada de Frentes Fr\u00edos, es com\u00fan la presencia de lluvias acompa\u00f1adas de vientos fuertes que puedan superar los<\/p>\n","protected":false},"author":4,"featured_media":47628,"comment_status":"closed","ping_status":"closed","sticky":false,"template":"","format":"standard","meta":{"colormag_page_container_layout":"default_layout","colormag_page_sidebar_layout":"default_layout","_jetpack_memberships_contains_paid_content":false,"footnotes":"","jetpack_publicize_message":"","jetpack_publicize_feature_enabled":true,"jetpack_social_post_already_shared":false,"jetpack_social_options":{"image_generator_settings":{"template":"highway","default_image_id":0,"font":"","enabled":false},"version":2}},"categories":[1082],"tags":[],"class_list":["post-47627","post","type-post","status-publish","format-standard","has-post-thumbnail","hentry","category-tuxpan"],"jetpack_publicize_connections":[],"jetpack_featured_media_url":"https:\/\/i0.wp.com\/politicosaldesnudo.com.mx\/wp-content\/uploads\/2024\/10\/recomendaciones-ante-vientos-fuertes-556346.jpg?fit=800%2C600&ssl=1","jetpack-related-posts":[],"jetpack_sharing_enabled":true,"_links":{"self":[{"href":"https:\/\/politicosaldesnudo.com.mx\/index.php\/wp-json\/wp\/v2\/posts\/47627","targetHints":{"allow":["GET"]}}],"collection":[{"href":"https:\/\/politicosaldesnudo.com.mx\/index.php\/wp-json\/wp\/v2\/posts"}],"about":[{"href":"https:\/\/politicosaldesnudo.com.mx\/index.php\/wp-json\/wp\/v2\/types\/post"}],"author":[{"embeddable":true,"href":"https:\/\/politicosaldesnudo.com.mx\/index.php\/wp-json\/wp\/v2\/users\/4"}],"replies":[{"embeddable":true,"href":"https:\/\/politicosaldesnudo.com.mx\/index.php\/wp-json\/wp\/v2\/comments?post=47627"}],"version-history":[{"count":0,"href":"https:\/\/politicosaldesnudo.com.mx\/index.php\/wp-json\/wp\/v2\/posts\/47627\/revisions"}],"wp:featuredmedia":[{"embeddable":true,"href":"https:\/\/politicosaldesnudo.com.mx\/index.php\/wp-json\/wp\/v2\/media\/47628"}],"wp:attachment":[{"href":"https:\/\/politicosaldesnudo.com.mx\/index.php\/wp-json\/wp\/v2\/media?parent=47627"}],"wp:term":[{"taxonomy":"category","embeddable":true,"href":"https:\/\/politicosaldesnudo.com.mx\/index.php\/wp-json\/wp\/v2\/categories?post=47627"},{"taxonomy":"post_tag","embeddable":true,"href":"https:\/\/politicosaldesnudo.com.mx\/index.php\/wp-json\/wp\/v2\/tags?post=47627"}],"curies":[{"name":"wp","href":"https:\/\/api.w.org\/{rel}","templated":true}]}}