{"id":47642,"date":"2024-10-04T00:19:42","date_gmt":"2024-10-04T05:19:42","guid":{"rendered":"https:\/\/politicosaldesnudo.com.mx\/?p=47642"},"modified":"2024-10-04T00:19:42","modified_gmt":"2024-10-04T05:19:42","slug":"oaxaca-busca-fortalecer-conectividad-aerea","status":"publish","type":"post","link":"https:\/\/politicosaldesnudo.com.mx\/index.php\/2024\/10\/04\/oaxaca-busca-fortalecer-conectividad-aerea\/","title":{"rendered":"Oaxaca busca fortalecer conectividad a\u00e9rea"},"content":{"rendered":"<p><span style=\"font-size: 14pt;\">La Secretar\u00eda de Turismo del estado de\u00a0Oaxaca\u00a0y la aerol\u00ednea\u00a0Viva Aerob\u00fas\u00a0anunciaron la nueva ruta que conectar\u00e1 a Puerto Escondido con Guadalajara, as\u00ed como el aumento de frecuencias en el vuelo Monterrey-Oaxaca-Monterrey.<\/span><\/p>\n<p><span style=\"font-size: 14pt;\">La dependencia expuso la importancia de la conectividad a\u00e9rea como un elemento esencial para el desarrollo econ\u00f3mico, social y tur\u00edstico de los destinos de la entidad. Asimismo, se\u00f1al\u00f3 que los atractivos, la hospitalidad de los oaxaque\u00f1os y la cultura milenaria han convertido a Oaxaca en una de las primeras opciones de viaje para turistas nacionales e internacionales.<\/span><\/p>\n<p><span style=\"font-size: 14pt;\">Por parte de la aerol\u00ednea Viva Aerob\u00fas, se anunci\u00f3 que, a partir del 3 de diciembre, operar\u00e1 la nueva ruta Guadalajara-Puerto Escondido-Guadalajara, que contar\u00e1 con tres frecuencias semanales: los martes, jueves y domingos.<\/span><\/p>\n<p><span style=\"font-size: 14pt;\">Adem\u00e1s, en un esfuerzo por mejorar a\u00fan m\u00e1s la conectividad y contribuir a consolidar los destinos del estado, la ruta\u00a0Monterrey-Oaxaca-Monterrey\u00a0pasar\u00e1 de operar cuatro veces por semana a vuelos diarios a partir del 1 de noviembre.<\/span><\/p>\n","protected":false},"excerpt":{"rendered":"<p>La Secretar\u00eda de Turismo del estado de\u00a0Oaxaca\u00a0y la aerol\u00ednea\u00a0Viva Aerob\u00fas\u00a0anunciaron la nueva ruta que conectar\u00e1 a Puerto Escondido con Guadalajara,<\/p>\n","protected":false},"author":4,"featured_media":47643,"comment_status":"closed","ping_status":"closed","sticky":false,"template":"","format":"standard","meta":{"colormag_page_container_layout":"default_layout","colormag_page_sidebar_layout":"default_layout","_jetpack_memberships_contains_paid_content":false,"footnotes":"","jetpack_publicize_message":"","jetpack_publicize_feature_enabled":true,"jetpack_social_post_already_shared":false,"jetpack_social_options":{"image_generator_settings":{"template":"highway","default_image_id":0,"font":"","enabled":false},"version":2}},"categories":[30],"tags":[],"class_list":["post-47642","post","type-post","status-publish","format-standard","has-post-thumbnail","hentry","category-estados"],"jetpack_publicize_connections":[],"jetpack_featured_media_url":"https:\/\/i0.wp.com\/politicosaldesnudo.com.mx\/wp-content\/uploads\/2024\/10\/66e4538ed4d1b.png?fit=756%2C472&ssl=1","jetpack-related-posts":[],"jetpack_sharing_enabled":true,"_links":{"self":[{"href":"https:\/\/politicosaldesnudo.com.mx\/index.php\/wp-json\/wp\/v2\/posts\/47642","targetHints":{"allow":["GET"]}}],"collection":[{"href":"https:\/\/politicosaldesnudo.com.mx\/index.php\/wp-json\/wp\/v2\/posts"}],"about":[{"href":"https:\/\/politicosaldesnudo.com.mx\/index.php\/wp-json\/wp\/v2\/types\/post"}],"author":[{"embeddable":true,"href":"https:\/\/politicosaldesnudo.com.mx\/index.php\/wp-json\/wp\/v2\/users\/4"}],"replies":[{"embeddable":true,"href":"https:\/\/politicosaldesnudo.com.mx\/index.php\/wp-json\/wp\/v2\/comments?post=47642"}],"version-history":[{"count":0,"href":"https:\/\/politicosaldesnudo.com.mx\/index.php\/wp-json\/wp\/v2\/posts\/47642\/revisions"}],"wp:featuredmedia":[{"embeddable":true,"href":"https:\/\/politicosaldesnudo.com.mx\/index.php\/wp-json\/wp\/v2\/media\/47643"}],"wp:attachment":[{"href":"https:\/\/politicosaldesnudo.com.mx\/index.php\/wp-json\/wp\/v2\/media?parent=47642"}],"wp:term":[{"taxonomy":"category","embeddable":true,"href":"https:\/\/politicosaldesnudo.com.mx\/index.php\/wp-json\/wp\/v2\/categories?post=47642"},{"taxonomy":"post_tag","embeddable":true,"href":"https:\/\/politicosaldesnudo.com.mx\/index.php\/wp-json\/wp\/v2\/tags?post=47642"}],"curies":[{"name":"wp","href":"https:\/\/api.w.org\/{rel}","templated":true}]}}