{"id":47663,"date":"2024-10-04T00:29:54","date_gmt":"2024-10-04T05:29:54","guid":{"rendered":"https:\/\/politicosaldesnudo.com.mx\/?p=47663"},"modified":"2024-10-04T00:29:54","modified_gmt":"2024-10-04T05:29:54","slug":"cjf-extiende-suspension-de-labores-en-juzgados-y-tribunales-federales-hasta-el-11-de-octubre","status":"publish","type":"post","link":"https:\/\/politicosaldesnudo.com.mx\/index.php\/2024\/10\/04\/cjf-extiende-suspension-de-labores-en-juzgados-y-tribunales-federales-hasta-el-11-de-octubre\/","title":{"rendered":"CJF extiende suspensi\u00f3n de labores en juzgados y tribunales federales hasta el 11 de octubre"},"content":{"rendered":"<p><span style=\"font-size: 14pt;\">En sesi\u00f3n extraordinaria,\u00a0el\u00a0Consejo de la Judicatura Federal\u00a0(CJF), encabezado por la ministra presidenta Norma Luc\u00eda Pi\u00f1a Hern\u00e1ndez,\u00a0acord\u00f3 extender la\u00a0suspensi\u00f3n de labores\u00a0en juzgados y tribunales federales\u00a0al menos\u00a0hasta el pr\u00f3ximo viernes 11 de octubre.<\/span><\/p>\n<p><span style=\"font-size: 14pt;\">La\u00a0decisi\u00f3n\u00a0se tom\u00f3 con los\u00a0cuatro votos a favor de Pi\u00f1a Hern\u00e1ndez; los Consejeros\u00a0Jos\u00e9 Alfonso Montalvo Mart\u00ednez, Sergio Javier Molina Mart\u00ednez y\u00a0la Consejera\u00a0Lilia M\u00f3nica L\u00f3pez Ben\u00edtez.<\/span><\/p>\n<div id=\"sm-it-main-container-1728019731734\" data-it=\"208d22c0-e733-4cde-b829-f839545521b3\" data-device=\"desktop\" data-index=\"0\">\n<p><span style=\"font-size: 14pt;\">En contra\u00a0de esta determinaci\u00f3n estuvieron los consejeros\u00a0Bernardo B\u00e1tiz V\u00e1zquez, Celia Maya Garc\u00eda y Eva Ver\u00f3nica de Gyv\u00e9s Z\u00e1rate, quienes\u00a0argumentaron\u00a0que las y los trabajadores\u00a0deb\u00edan regresar a laborar desde este 3 de octubre.<\/span><\/p>\n<p><span style=\"font-size: 14pt;\">De acuerdo con la circular 20\/2024, los\u00a0juzgados y tribunales deber\u00e1n continuar atendiendo los asuntos urgentes\u00a0establecidos previamente por el CJF.<\/span><\/p>\n<\/div>\n","protected":false},"excerpt":{"rendered":"<p>En sesi\u00f3n extraordinaria,\u00a0el\u00a0Consejo de la Judicatura Federal\u00a0(CJF), encabezado por la ministra presidenta Norma Luc\u00eda Pi\u00f1a Hern\u00e1ndez,\u00a0acord\u00f3 extender la\u00a0suspensi\u00f3n de labores\u00a0en<\/p>\n","protected":false},"author":4,"featured_media":47664,"comment_status":"closed","ping_status":"closed","sticky":false,"template":"","format":"standard","meta":{"colormag_page_container_layout":"default_layout","colormag_page_sidebar_layout":"default_layout","_jetpack_memberships_contains_paid_content":false,"footnotes":"","jetpack_publicize_message":"","jetpack_publicize_feature_enabled":true,"jetpack_social_post_already_shared":false,"jetpack_social_options":{"image_generator_settings":{"template":"highway","default_image_id":0,"font":"","enabled":false},"version":2}},"categories":[33],"tags":[],"class_list":["post-47663","post","type-post","status-publish","format-standard","has-post-thumbnail","hentry","category-nacional"],"jetpack_publicize_connections":[],"jetpack_featured_media_url":"https:\/\/i0.wp.com\/politicosaldesnudo.com.mx\/wp-content\/uploads\/2024\/10\/CJF.jpg?fit=768%2C479&ssl=1","jetpack-related-posts":[],"jetpack_sharing_enabled":true,"_links":{"self":[{"href":"https:\/\/politicosaldesnudo.com.mx\/index.php\/wp-json\/wp\/v2\/posts\/47663","targetHints":{"allow":["GET"]}}],"collection":[{"href":"https:\/\/politicosaldesnudo.com.mx\/index.php\/wp-json\/wp\/v2\/posts"}],"about":[{"href":"https:\/\/politicosaldesnudo.com.mx\/index.php\/wp-json\/wp\/v2\/types\/post"}],"author":[{"embeddable":true,"href":"https:\/\/politicosaldesnudo.com.mx\/index.php\/wp-json\/wp\/v2\/users\/4"}],"replies":[{"embeddable":true,"href":"https:\/\/politicosaldesnudo.com.mx\/index.php\/wp-json\/wp\/v2\/comments?post=47663"}],"version-history":[{"count":0,"href":"https:\/\/politicosaldesnudo.com.mx\/index.php\/wp-json\/wp\/v2\/posts\/47663\/revisions"}],"wp:featuredmedia":[{"embeddable":true,"href":"https:\/\/politicosaldesnudo.com.mx\/index.php\/wp-json\/wp\/v2\/media\/47664"}],"wp:attachment":[{"href":"https:\/\/politicosaldesnudo.com.mx\/index.php\/wp-json\/wp\/v2\/media?parent=47663"}],"wp:term":[{"taxonomy":"category","embeddable":true,"href":"https:\/\/politicosaldesnudo.com.mx\/index.php\/wp-json\/wp\/v2\/categories?post=47663"},{"taxonomy":"post_tag","embeddable":true,"href":"https:\/\/politicosaldesnudo.com.mx\/index.php\/wp-json\/wp\/v2\/tags?post=47663"}],"curies":[{"name":"wp","href":"https:\/\/api.w.org\/{rel}","templated":true}]}}