{"id":47666,"date":"2024-10-04T00:31:28","date_gmt":"2024-10-04T05:31:28","guid":{"rendered":"https:\/\/politicosaldesnudo.com.mx\/?p=47666"},"modified":"2024-10-04T00:31:28","modified_gmt":"2024-10-04T05:31:28","slug":"ministra-batres-confronta-a-norma-pina-por-manejo-de-cuentas-apocrifas-en-la-scjn","status":"publish","type":"post","link":"https:\/\/politicosaldesnudo.com.mx\/index.php\/2024\/10\/04\/ministra-batres-confronta-a-norma-pina-por-manejo-de-cuentas-apocrifas-en-la-scjn\/","title":{"rendered":"Ministra Batres confronta a Norma Pi\u00f1a por manejo de cuentas ap\u00f3crifas en la SCJN"},"content":{"rendered":"<p><span style=\"font-size: 14pt;\">La\u00a0ministra Lenia Batres Guadarrama\u00a0cuestion\u00f3 a la\u00a0ministra presidenta de la Suprema Corte de Justicia de la Naci\u00f3n\u00a0(SCJN), Norma Luc\u00eda Pi\u00f1a Hern\u00e1ndez, por la\u00a0inacci\u00f3n\u00a0contra cuentas ap\u00f3crifas de la Corte que, acus\u00f3 Batres,\u00a0mantienen\u00a0una\u00a0campa\u00f1a\u00a0en su\u00a0contra.<\/span><\/p>\n<p><span style=\"font-size: 14pt;\">Durante la sesi\u00f3n donde se aval\u00f3 que la\u00a0SCJN puede analizar la Reforma Judicial,\u00a0Batres Guadarrama asegur\u00f3 que los calificativos\u00a0que llega a usar en sesiones\u00a0no\u00a0son\u00a0personales\u00a0contra\u00a0ning\u00fan ministro sino contra los\u00a0proyectos, y apunt\u00f3 que, en cambio,\u00a0la Corte ha sido omisa en sus peticiones para\u00a0dar de baja\u00a0las\u00a0cuentas\u00a0que la\u00a0insultan\u00a0y denostan.<\/span><\/p>\n<p><span style=\"font-size: 14pt;\">\u201cComo he manifestado en las sesiones privadas de manera m\u00faltiple,\u00a0no he recibido ese trato ni de la comunidad del Poder Judicial y ni siquiera ese respeto al interior de\u00a0la propia\u00a0Suprema Corte, a la que\u00a0he pedido\u00a0m\u00faltiples ocasiones interceda para\u00a0bajar de\u00a0Twitter, ahora Red Social\u00a0X,\u00a0diversas manifestaciones\u00a0desde cuentas que\u00a0utilizan el logotipo oficial de la SCJN\u00a0y que afortunadamente no se refieren a ninguno ni a ninguna de los ministros y ministras aqu\u00ed presentes m\u00e1s que a la suscrita\u00bb, argument\u00f3.<\/span><\/p>\n","protected":false},"excerpt":{"rendered":"<p>La\u00a0ministra Lenia Batres Guadarrama\u00a0cuestion\u00f3 a la\u00a0ministra presidenta de la Suprema Corte de Justicia de la Naci\u00f3n\u00a0(SCJN), Norma Luc\u00eda Pi\u00f1a Hern\u00e1ndez,<\/p>\n","protected":false},"author":4,"featured_media":47667,"comment_status":"closed","ping_status":"closed","sticky":false,"template":"","format":"standard","meta":{"colormag_page_container_layout":"default_layout","colormag_page_sidebar_layout":"default_layout","_jetpack_memberships_contains_paid_content":false,"footnotes":"","jetpack_publicize_message":"","jetpack_publicize_feature_enabled":true,"jetpack_social_post_already_shared":false,"jetpack_social_options":{"image_generator_settings":{"template":"highway","default_image_id":0,"font":"","enabled":false},"version":2}},"categories":[33],"tags":[],"class_list":["post-47666","post","type-post","status-publish","format-standard","has-post-thumbnail","hentry","category-nacional"],"jetpack_publicize_connections":[],"jetpack_featured_media_url":"https:\/\/i0.wp.com\/politicosaldesnudo.com.mx\/wp-content\/uploads\/2024\/10\/Lenia-Batres.jpg?fit=768%2C479&ssl=1","jetpack-related-posts":[],"jetpack_sharing_enabled":true,"_links":{"self":[{"href":"https:\/\/politicosaldesnudo.com.mx\/index.php\/wp-json\/wp\/v2\/posts\/47666","targetHints":{"allow":["GET"]}}],"collection":[{"href":"https:\/\/politicosaldesnudo.com.mx\/index.php\/wp-json\/wp\/v2\/posts"}],"about":[{"href":"https:\/\/politicosaldesnudo.com.mx\/index.php\/wp-json\/wp\/v2\/types\/post"}],"author":[{"embeddable":true,"href":"https:\/\/politicosaldesnudo.com.mx\/index.php\/wp-json\/wp\/v2\/users\/4"}],"replies":[{"embeddable":true,"href":"https:\/\/politicosaldesnudo.com.mx\/index.php\/wp-json\/wp\/v2\/comments?post=47666"}],"version-history":[{"count":0,"href":"https:\/\/politicosaldesnudo.com.mx\/index.php\/wp-json\/wp\/v2\/posts\/47666\/revisions"}],"wp:featuredmedia":[{"embeddable":true,"href":"https:\/\/politicosaldesnudo.com.mx\/index.php\/wp-json\/wp\/v2\/media\/47667"}],"wp:attachment":[{"href":"https:\/\/politicosaldesnudo.com.mx\/index.php\/wp-json\/wp\/v2\/media?parent=47666"}],"wp:term":[{"taxonomy":"category","embeddable":true,"href":"https:\/\/politicosaldesnudo.com.mx\/index.php\/wp-json\/wp\/v2\/categories?post=47666"},{"taxonomy":"post_tag","embeddable":true,"href":"https:\/\/politicosaldesnudo.com.mx\/index.php\/wp-json\/wp\/v2\/tags?post=47666"}],"curies":[{"name":"wp","href":"https:\/\/api.w.org\/{rel}","templated":true}]}}