{"id":47705,"date":"2024-10-05T00:06:55","date_gmt":"2024-10-05T05:06:55","guid":{"rendered":"https:\/\/politicosaldesnudo.com.mx\/?p=47705"},"modified":"2024-10-04T23:53:54","modified_gmt":"2024-10-05T04:53:54","slug":"israel-y-eu-ponen-los-centros-petroleros-de-iran-en-la-mira","status":"publish","type":"post","link":"https:\/\/politicosaldesnudo.com.mx\/index.php\/2024\/10\/05\/israel-y-eu-ponen-los-centros-petroleros-de-iran-en-la-mira\/","title":{"rendered":"Israel y EU ponen los centros petroleros de Ir\u00e1n en la mira"},"content":{"rendered":"<p><span style=\"font-size: 14pt;\">El\u00a0presidente de EU,\u00a0Joe Biden, dijo que est\u00e1 \u201cdiscutiendo\u201d con Israel posibles ataques israel\u00edes contra instalaciones petroleras de Ir\u00e1n, como medida de represalia a los misiles lanzados por\u00a0Teher\u00e1n\u00a0contra territorio israel\u00ed, mientras\u00a0el Ej\u00e9rcito de L\u00edbano respondi\u00f3 a un ataque perpetrado por las Fuerzas de Defensa de Israel, siendo as\u00ed la primera ocasi\u00f3n en que las tropas regulares libanesas contestan a una ofensiva israel\u00ed.<\/span><\/p>\n<p><span style=\"font-size: 14pt;\">Las Fuerzas Armadas de L\u00edbano se\u00f1alaron que uno de sus soldados muri\u00f3 v\u00edctima de un ataque\u00a0\u201cdel enemigo israel\u00ed\u201d contra unas instalaciones militares en\u00a0Bint Jbeil.<\/span><\/p>\n<p><span style=\"font-size: 14pt;\">\u201cLos miembros del centro (militar) respondieron a los focos de los disparos\u201d, a\u00f1adieron las autoridades militares libanesas en redes sociales.<\/span><\/p>\n<p><span style=\"font-size: 14pt;\">Horas antes\u00a0el Ej\u00e9rcito de L\u00edbano ya hab\u00eda informado que otro de sus militares hab\u00eda fallecido y uno m\u00e1s hab\u00eda resultado herido como consecuencia de un ataque israel\u00ed\u00a0\u201cmientras realizaba una misi\u00f3n de evacuaci\u00f3n y rescate\u201d con la participaci\u00f3n de la Cruz Roja Libanesa en la localidad de Marjayun.<\/span><\/p>\n","protected":false},"excerpt":{"rendered":"<p>El\u00a0presidente de EU,\u00a0Joe Biden, dijo que est\u00e1 \u201cdiscutiendo\u201d con Israel posibles ataques israel\u00edes contra instalaciones petroleras de Ir\u00e1n, como medida<\/p>\n","protected":false},"author":4,"featured_media":47706,"comment_status":"closed","ping_status":"closed","sticky":false,"template":"","format":"standard","meta":{"colormag_page_container_layout":"default_layout","colormag_page_sidebar_layout":"default_layout","_jetpack_memberships_contains_paid_content":false,"footnotes":"","jetpack_publicize_message":"","jetpack_publicize_feature_enabled":true,"jetpack_social_post_already_shared":false,"jetpack_social_options":{"image_generator_settings":{"template":"highway","default_image_id":0,"font":"","enabled":false},"version":2}},"categories":[28],"tags":[],"class_list":["post-47705","post","type-post","status-publish","format-standard","has-post-thumbnail","hentry","category-internacional"],"jetpack_publicize_connections":[],"jetpack_featured_media_url":"https:\/\/i0.wp.com\/politicosaldesnudo.com.mx\/wp-content\/uploads\/2024\/10\/libano_evacuacion-de-ciudadanos-griegos-y-chipriotas_reuters.png?fit=768%2C479&ssl=1","jetpack-related-posts":[],"jetpack_sharing_enabled":true,"_links":{"self":[{"href":"https:\/\/politicosaldesnudo.com.mx\/index.php\/wp-json\/wp\/v2\/posts\/47705","targetHints":{"allow":["GET"]}}],"collection":[{"href":"https:\/\/politicosaldesnudo.com.mx\/index.php\/wp-json\/wp\/v2\/posts"}],"about":[{"href":"https:\/\/politicosaldesnudo.com.mx\/index.php\/wp-json\/wp\/v2\/types\/post"}],"author":[{"embeddable":true,"href":"https:\/\/politicosaldesnudo.com.mx\/index.php\/wp-json\/wp\/v2\/users\/4"}],"replies":[{"embeddable":true,"href":"https:\/\/politicosaldesnudo.com.mx\/index.php\/wp-json\/wp\/v2\/comments?post=47705"}],"version-history":[{"count":0,"href":"https:\/\/politicosaldesnudo.com.mx\/index.php\/wp-json\/wp\/v2\/posts\/47705\/revisions"}],"wp:featuredmedia":[{"embeddable":true,"href":"https:\/\/politicosaldesnudo.com.mx\/index.php\/wp-json\/wp\/v2\/media\/47706"}],"wp:attachment":[{"href":"https:\/\/politicosaldesnudo.com.mx\/index.php\/wp-json\/wp\/v2\/media?parent=47705"}],"wp:term":[{"taxonomy":"category","embeddable":true,"href":"https:\/\/politicosaldesnudo.com.mx\/index.php\/wp-json\/wp\/v2\/categories?post=47705"},{"taxonomy":"post_tag","embeddable":true,"href":"https:\/\/politicosaldesnudo.com.mx\/index.php\/wp-json\/wp\/v2\/tags?post=47705"}],"curies":[{"name":"wp","href":"https:\/\/api.w.org\/{rel}","templated":true}]}}