{"id":47780,"date":"2024-10-06T00:34:39","date_gmt":"2024-10-06T05:34:39","guid":{"rendered":"https:\/\/politicosaldesnudo.com.mx\/?p=47780"},"modified":"2024-10-06T00:34:39","modified_gmt":"2024-10-06T05:34:39","slug":"gobierno-de-nuevo-leon-busca-mayor-coordinacion-para-fortalecer-seguridad-2","status":"publish","type":"post","link":"https:\/\/politicosaldesnudo.com.mx\/index.php\/2024\/10\/06\/gobierno-de-nuevo-leon-busca-mayor-coordinacion-para-fortalecer-seguridad-2\/","title":{"rendered":"Gobierno de Nuevo Le\u00f3n busca mayor coordinaci\u00f3n para fortalecer seguridad"},"content":{"rendered":"<p><span style=\"font-size: 14pt;\">El gobernador de\u00a0Nuevo Le\u00f3n, Samuel Garc\u00eda Sep\u00falveda, encabez\u00f3 en Palacio de Gobierno la\u00a0mesa de seguridad, en la que participaron los secretarios de Seguridad de los municipios metropolitanos, la fiscal\u00eda general del estado y mandos de dependencias federales.<\/span><\/p>\n<p><span style=\"font-size: 14pt;\">Tras la reuni\u00f3n, el titular de\u00a0Fuerza Civil, Gerardo Escamilla, destac\u00f3 el trabajo realizado por el gobernador para establecer una mayor coordinaci\u00f3n entre los tres niveles de gobierno para aumentar las acciones que mejoren la seguridad y la calidad de vida de los ciudadanos.<\/span><\/p>\n<p><span style=\"font-size: 14pt;\">Explic\u00f3 que se analiz\u00f3 cu\u00e1les eran las condiciones de los secretarios (municipales de Seguridad) que asum\u00edan su encargo, ver los temas de apoyo financiero para fortalecer a las polic\u00edas locales y seguir trabajando en estas prioridades, indic\u00f3.<\/span><\/p>\n<p><span style=\"font-size: 14pt;\">Escamilla se\u00f1al\u00f3 que el prop\u00f3sito de la mesa de Seguridad es establecer las bases de coordinaci\u00f3n, intercambio de informaci\u00f3n y entre todos atender las distintas problem\u00e1ticas del estado desde los delitos de violencia familiar, delitos patrimoniales, y de alto impacto en\u00a0Nuevo Le\u00f3n.<\/span><\/p>\n","protected":false},"excerpt":{"rendered":"<p>El gobernador de\u00a0Nuevo Le\u00f3n, Samuel Garc\u00eda Sep\u00falveda, encabez\u00f3 en Palacio de Gobierno la\u00a0mesa de seguridad, en la que participaron los<\/p>\n","protected":false},"author":4,"featured_media":47781,"comment_status":"closed","ping_status":"closed","sticky":false,"template":"","format":"standard","meta":{"colormag_page_container_layout":"default_layout","colormag_page_sidebar_layout":"default_layout","_jetpack_memberships_contains_paid_content":false,"footnotes":"","jetpack_publicize_message":"","jetpack_publicize_feature_enabled":true,"jetpack_social_post_already_shared":false,"jetpack_social_options":{"image_generator_settings":{"template":"highway","default_image_id":0,"font":"","enabled":false},"version":2}},"categories":[30],"tags":[],"class_list":["post-47780","post","type-post","status-publish","format-standard","has-post-thumbnail","hentry","category-estados"],"jetpack_publicize_connections":[],"jetpack_featured_media_url":"https:\/\/i0.wp.com\/politicosaldesnudo.com.mx\/wp-content\/uploads\/2024\/10\/6700780db3869-1.png?fit=756%2C472&ssl=1","jetpack-related-posts":[],"jetpack_sharing_enabled":true,"_links":{"self":[{"href":"https:\/\/politicosaldesnudo.com.mx\/index.php\/wp-json\/wp\/v2\/posts\/47780","targetHints":{"allow":["GET"]}}],"collection":[{"href":"https:\/\/politicosaldesnudo.com.mx\/index.php\/wp-json\/wp\/v2\/posts"}],"about":[{"href":"https:\/\/politicosaldesnudo.com.mx\/index.php\/wp-json\/wp\/v2\/types\/post"}],"author":[{"embeddable":true,"href":"https:\/\/politicosaldesnudo.com.mx\/index.php\/wp-json\/wp\/v2\/users\/4"}],"replies":[{"embeddable":true,"href":"https:\/\/politicosaldesnudo.com.mx\/index.php\/wp-json\/wp\/v2\/comments?post=47780"}],"version-history":[{"count":0,"href":"https:\/\/politicosaldesnudo.com.mx\/index.php\/wp-json\/wp\/v2\/posts\/47780\/revisions"}],"wp:featuredmedia":[{"embeddable":true,"href":"https:\/\/politicosaldesnudo.com.mx\/index.php\/wp-json\/wp\/v2\/media\/47781"}],"wp:attachment":[{"href":"https:\/\/politicosaldesnudo.com.mx\/index.php\/wp-json\/wp\/v2\/media?parent=47780"}],"wp:term":[{"taxonomy":"category","embeddable":true,"href":"https:\/\/politicosaldesnudo.com.mx\/index.php\/wp-json\/wp\/v2\/categories?post=47780"},{"taxonomy":"post_tag","embeddable":true,"href":"https:\/\/politicosaldesnudo.com.mx\/index.php\/wp-json\/wp\/v2\/tags?post=47780"}],"curies":[{"name":"wp","href":"https:\/\/api.w.org\/{rel}","templated":true}]}}